{"id":260162,"date":"2026-08-25T06:29:11","date_gmt":"2026-08-25T06:29:11","guid":{"rendered":"https:\/\/www.europesays.com\/ee\/260162\/"},"modified":"2026-08-25T06:29:11","modified_gmt":"2026-08-25T06:29:11","slug":"kas-tuleb-laenuleping-kristal-jai-kolni-mangupaeva-koosseisust-valja","status":"publish","type":"post","link":"https:\/\/www.europesays.com\/ee\/260162\/","title":{"rendered":"Kas tuleb laenuleping? Kristal j\u00e4i K\u00f6lni m\u00e4ngup\u00e4eva koosseisust v\u00e4lja"},"content":{"rendered":"<p>Kristal sai suvise ettevalmistuse k\u00e4igus <a rel=\"noopener nofollow\" target=\"_blank\" href=\"https:\/\/www.delfi.ee\/teema\/65378150\/bundesliga\" tag-id=\"65378150\">Bundesligasse<\/a> kuuluva K\u00f6lni eest korralikult m\u00e4nguaega ning tema suunas mainiti ka mitmeid kiidus\u00f5nu. Samas on Saksamaa meedias kirjutatud ka v\u00f5imalusest, et eestlasest poolkaitsja liitub aastase laenulepingu alusel m\u00f5ne teise klubiga, et koguda vajalikku m\u00e4ngupraktikat.<\/p>\n<p>Suve keskpaigas kirjutas Saksamaa jalgpalliv\u00e4ljaanne Kicker, et eestlast sooviksid laenule v\u00f5tta Taani k\u00f5rgliigas m\u00e4ngivad Viborg FF ning Lyngby BK. V\u00e4idetavalt on Kristali vastu huvi \u00fcles n\u00e4idanud veel rootslaste Sirius, norralaste Molde ning Saksamaal 2. Bundesligas m\u00e4ngivad Hannover 96 ja Greuther F\u00fcrth.<\/p>\n<p>Saksamaal n\u00e4hakse, et karikasarja koosseisust v\u00e4lja j\u00e4\u00e4mine t\u00e4hendab ilmselt Kristali puhul laenule minemist. Saksamaa uudisteportaalis T-Online kirjutas ajakirjanik Martin Zenge, et K\u00f6ln soovib neljale noorm\u00e4ngijale leida laenulepingute alusel m\u00e4ngimiseks v\u00f5imalusi ning nende seas on ka 18-aastane Kristal. Samas n\u00e4gevat klubi, et tulevikus on nelikul potentsiaali m\u00e4ngida Bundesligas ehk k\u00f5igiga on ka pikemaajalised plaanid.<\/p>\n<p>Saksamaa karikasarja avaringis olid lisaks K\u00f6lnile v\u00f5idukad ka Karl Jakob Heina (Bremeni Werder), Karol Metsa (Bochum) ning Soufian Gourami (Berliini Hertha) koduklubid.<\/p>\n<p>Kuidas see lugu Sind end tundma pani?Saada<a href=\"https:\/\/sport.delfi.ee\/artikkel\/120605837\/kas-tuleb-laenuleping-kristal-jai-kolni-mangupaeva-koosseisust-valja\/kommentaarid\" class=\"button button--primary button--size-auto article-body-bottom__comment article-body-bottom__comment--write\" style=\"\" rel=\"nofollow noopener\" target=\"_blank\">Kommenteeri<\/a><a href=\"https:\/\/sport.delfi.ee\/artikkel\/120605837\/kas-tuleb-laenuleping-kristal-jai-kolni-mangupaeva-koosseisust-valja\/kommentaarid\" class=\"button button--size-auto article-body-bottom__comment article-body-bottom__comment--read\" style=\"\" rel=\"nofollow noopener\" target=\"_blank\">Loe kommentaare <\/a><\/p>\n","protected":false},"excerpt":{"rendered":"Kristal sai suvise ettevalmistuse k\u00e4igus Bundesligasse kuuluva K\u00f6lni eest korralikult m\u00e4nguaega ning tema suunas mainiti ka mitmeid kiidus\u00f5nu.&hellip;\n","protected":false},"author":2,"featured_media":260163,"comment_status":"","ping_status":"","sticky":false,"template":"","format":"standard","meta":{"footnotes":"","_share_on_mastodon":"0"},"categories":[18],"tags":[527,37,33,35,34,36,172,921,159,158],"class_list":["post-260162","post","type-post","status-publish","format-standard","has-post-thumbnail","category-sport","tag-bundesliga","tag-ee","tag-eesti","tag-eesti-keel","tag-estonia","tag-estonian","tag-jalgpall","tag-patrik-kristal","tag-sport","tag-sports"],"share_on_mastodon":{"url":"https:\/\/pubeurope.com\/@ee\/117154740337599548","error":""},"_links":{"self":[{"href":"https:\/\/www.europesays.com\/ee\/wp-json\/wp\/v2\/posts\/260162","targetHints":{"allow":["GET"]}}],"collection":[{"href":"https:\/\/www.europesays.com\/ee\/wp-json\/wp\/v2\/posts"}],"about":[{"href":"https:\/\/www.europesays.com\/ee\/wp-json\/wp\/v2\/types\/post"}],"author":[{"embeddable":true,"href":"https:\/\/www.europesays.com\/ee\/wp-json\/wp\/v2\/users\/2"}],"replies":[{"embeddable":true,"href":"https:\/\/www.europesays.com\/ee\/wp-json\/wp\/v2\/comments?post=260162"}],"version-history":[{"count":0,"href":"https:\/\/www.europesays.com\/ee\/wp-json\/wp\/v2\/posts\/260162\/revisions"}],"wp:featuredmedia":[{"embeddable":true,"href":"https:\/\/www.europesays.com\/ee\/wp-json\/wp\/v2\/media\/260163"}],"wp:attachment":[{"href":"https:\/\/www.europesays.com\/ee\/wp-json\/wp\/v2\/media?parent=260162"}],"wp:term":[{"taxonomy":"category","embeddable":true,"href":"https:\/\/www.europesays.com\/ee\/wp-json\/wp\/v2\/categories?post=260162"},{"taxonomy":"post_tag","embeddable":true,"href":"https:\/\/www.europesays.com\/ee\/wp-json\/wp\/v2\/tags?post=260162"}],"curies":[{"name":"wp","href":"https:\/\/api.w.org\/{rel}","templated":true}]}}