{"id":260170,"date":"2026-08-25T06:40:21","date_gmt":"2026-08-25T06:40:21","guid":{"rendered":"https:\/\/www.europesays.com\/ee\/260170\/"},"modified":"2026-08-25T06:40:21","modified_gmt":"2026-08-25T06:40:21","slug":"rootsis-hukkus-rallivoistlusel-30-eluaastates-mees","status":"publish","type":"post","link":"https:\/\/www.europesays.com\/ee\/260170\/","title":{"rendered":"Rootsis hukkus ralliv\u00f5istlusel 30. eluaastates mees"},"content":{"rendered":"<p>Traagiline intsident juhtus laup\u00e4eva keskp\u00e4eva paiku, kui \u00fcks rallimasinatest s\u00f5itis v\u00f5istlustrassil teelt v\u00e4lja. Autos viibinud noorem mees sai sedav\u00f5rd raskeid vigastusi, et suri. Tema kaass\u00f5itja, 50. eluaastates mees, viidi s\u00fcndmuskohalt haiglasse. Rootsi meedia andmetel oli ta teadvusel ja suutis p\u00e4\u00e4stjatega suhelda.<\/p>\n<p>\u201eTeadmata p\u00f5hjustel s\u00f5itis auto v\u00f5istluse k\u00e4igus teelt v\u00e4lja,\u201c kinnitas politsei pressiesindaja Emelie Lundqvist Rootsi rahvusringh\u00e4\u00e4lingule <a rel=\"noopener nofollow\" target=\"_blank\" href=\"https:\/\/www.delfi.ee\/teema\/96902988\/svt\" tag-id=\"96902988\">SVT<\/a>.<\/p>\n<p>Kohalik politsei on alustanud juhtunu t\u00e4psete asjaolude v\u00e4ljaselgitamiseks uurimist. Avariiline v\u00f5istlusmasin on tehniliseks ekspertiisiks konfiskeeritud ning uurijad kuulavad \u00fcle pealtn\u00e4gijaid. \u00dchegi isiku osas kuriteokahtlustust esitatud pole.<\/p>\n<p>V\u00f5istlus peatati kohe p\u00e4rast \u00f5nnetust.<\/p>\n<p>\u201eTidaholms Motorklubb avaldab s\u00fcgavat kurbust selle traagilise s\u00fcndmuse \u00fcle. Meie m\u00f5tted on sel raskel ajal lahkunu pere, l\u00e4hedaste, s\u00f5prade ja klubiliikmetega,\u201c seisis ralli korraldajate ametlikus teadaandes.<\/p>\n<p>Rootsi Autospordiliidu peasekret\u00e4r Mikael Johansson avaldas samuti hukkunu l\u00e4hedastele kaastunnet. Ta m\u00e4rkis, et kogu alaliidu ja klubikaaslaste m\u00f5tted on praegu leinajatega.<\/p>\n<p>Kuidas see lugu Sind end tundma pani?Saada<a href=\"https:\/\/sport.delfi.ee\/artikkel\/120605755\/rootsis-hukkus-rallivoistlusel-30ndates-eluaastates-mees\/kommentaarid\" class=\"button button--primary button--size-auto article-body-bottom__comment article-body-bottom__comment--write\" style=\"\" rel=\"nofollow noopener\" target=\"_blank\">Kommenteeri<\/a><a href=\"https:\/\/sport.delfi.ee\/artikkel\/120605755\/rootsis-hukkus-rallivoistlusel-30ndates-eluaastates-mees\/kommentaarid\" class=\"button button--size-auto article-body-bottom__comment article-body-bottom__comment--read\" style=\"\" rel=\"nofollow noopener\" target=\"_blank\">Loe kommentaare (5)<\/a><\/p>\n","protected":false},"excerpt":{"rendered":"Traagiline intsident juhtus laup\u00e4eva keskp\u00e4eva paiku, kui \u00fcks rallimasinatest s\u00f5itis v\u00f5istlustrassil teelt v\u00e4lja. Autos viibinud noorem mees sai&hellip;\n","protected":false},"author":2,"featured_media":260171,"comment_status":"","ping_status":"","sticky":false,"template":"","format":"standard","meta":{"footnotes":"","_share_on_mastodon":"0"},"categories":[18],"tags":[37,33,35,34,36,2828,889,159,158,92062],"class_list":["post-260170","post","type-post","status-publish","format-standard","has-post-thumbnail","category-sport","tag-ee","tag-eesti","tag-eesti-keel","tag-estonia","tag-estonian","tag-ralli","tag-rootsi","tag-sport","tag-sports","tag-svt"],"share_on_mastodon":{"url":"https:\/\/pubeurope.com\/@ee\/117154783316491916","error":""},"_links":{"self":[{"href":"https:\/\/www.europesays.com\/ee\/wp-json\/wp\/v2\/posts\/260170","targetHints":{"allow":["GET"]}}],"collection":[{"href":"https:\/\/www.europesays.com\/ee\/wp-json\/wp\/v2\/posts"}],"about":[{"href":"https:\/\/www.europesays.com\/ee\/wp-json\/wp\/v2\/types\/post"}],"author":[{"embeddable":true,"href":"https:\/\/www.europesays.com\/ee\/wp-json\/wp\/v2\/users\/2"}],"replies":[{"embeddable":true,"href":"https:\/\/www.europesays.com\/ee\/wp-json\/wp\/v2\/comments?post=260170"}],"version-history":[{"count":0,"href":"https:\/\/www.europesays.com\/ee\/wp-json\/wp\/v2\/posts\/260170\/revisions"}],"wp:featuredmedia":[{"embeddable":true,"href":"https:\/\/www.europesays.com\/ee\/wp-json\/wp\/v2\/media\/260171"}],"wp:attachment":[{"href":"https:\/\/www.europesays.com\/ee\/wp-json\/wp\/v2\/media?parent=260170"}],"wp:term":[{"taxonomy":"category","embeddable":true,"href":"https:\/\/www.europesays.com\/ee\/wp-json\/wp\/v2\/categories?post=260170"},{"taxonomy":"post_tag","embeddable":true,"href":"https:\/\/www.europesays.com\/ee\/wp-json\/wp\/v2\/tags?post=260170"}],"curies":[{"name":"wp","href":"https:\/\/api.w.org\/{rel}","templated":true}]}}