{"id":260208,"date":"2026-08-25T07:27:12","date_gmt":"2026-08-25T07:27:12","guid":{"rendered":"https:\/\/www.europesays.com\/ee\/260208\/"},"modified":"2026-08-25T07:27:12","modified_gmt":"2026-08-25T07:27:12","slug":"ester-urbala-uue-lasteromaani-keskmes-on-vanemad-kes-ei-soovi-enam-toole-minna-kirjandus","status":"publish","type":"post","link":"https:\/\/www.europesays.com\/ee\/260208\/","title":{"rendered":"Ester Urbala uue lasteromaani keskmes on vanemad, kes ei soovi enam t\u00f6\u00f6le minna | Kirjandus"},"content":{"rendered":"<p>Kirjastus Pu\u00e4nt andis v\u00e4ljas Ester Urbala uue lasteromaani &#8220;T\u00f6\u00f6p\u00f5lgurid&#8221;, mis on j\u00e4rg m\u00f6\u00f6dunud aastal ilmunud teosele &#8220;Koolip\u00f5lgurid&#8221;. Autori s\u00f5nul tasub endalt aeg-ajalt k\u00fcsida, et mis oleks, kui homme v\u00f5i \u00fclehomme ei teeks asju nii nagu tavap\u00e4raselt harjunud olen.<\/p>\n<p>Urbala s\u00f5nas, et &#8220;Koolip\u00f5lgurid&#8221; oli tema esimene lasteromaan ning seet\u00f5ttu ei julgenud ta midagi loota. &#8220;Kaks unistust oli k\u00fcll: et raamatut satuks lugema m\u00f5ned klassit\u00e4ied lapsi, nii et see looks v\u00f5imaluse grupis kooliteemade \u00fcle arutleda ja et raamat oleks lastele k\u00e4ttesaadav nende kodul\u00e4hedases raamatukogus,&#8221; selgitas ta ja lisas, et on ise Olustvere raamatukogus kasvanud ja raamatukogude k\u00e4ek\u00e4ik l\u00e4heb talle korda. &#8220;Praegu v\u00f5in \u00f6elda, et m\u00f5lemad unistused said teoks.&#8221;<\/p>\n<p>&#8220;T\u00e4itsa v\u00f5\u00f5rad inimesed on kirjutanud ja \u00f6elnud, et said lugedes naerda, ja seda neile raskel ajal. V\u00f5i siis et laps polnud \u00f5htul n\u00f5us magama minema ja muudkui itsitas oma toas. See teeb r\u00f5\u00f5mu. Mul on tunne, et v\u00f5iksime palju rohkem naerda. Eriti koos. See \u00fchendab. Mu lemmikkommentaar on aga \u00fchelt noorelt lugejalt: peat\u00fcki pikkus hea super,&#8221; \u00fctles ta ja lisas, et &#8220;Koolip\u00f5lgurid&#8221; ilmub j\u00e4rgmisel aastal ka itaalia keeles.<\/p>\n<p>Seejuures kinnitas ta, et kui ta &#8220;Koolip\u00f5lguritele&#8221; punkti pani, ei olnud veel otsust, et tuleb j\u00e4rg. &#8220;Aga juba raamatuesitlusel hakkas tekkima tunne, et ega see lugu p\u00e4ris l\u00f5puni r\u00e4\u00e4gitud ei saanud. Kui lapsed unistavad, et mis oleks, kui ei peaks homme kooli minema, siis on kindla peale ka lapsevanemate hulgas neid, kes k\u00fcsivad endalt, mis oleks, kui homme ei l\u00e4heks t\u00f6\u00f6le ja v\u00f5ib-olla ei l\u00e4heks sinna \u00fcldse enam tagasi.&#8221;<\/p>\n<p>&#8220;Ennek\u00f5ike on &#8220;T\u00f6\u00f6p\u00f5lgurid&#8221; ikka lasteromaan, nii et ikka on m\u00f5eldud pere noorimatele ka! Tunnetuslikult alates nii 9. eluaastast kuni k\u00f5rge eani v\u00e4lja. Kooslugemiseks sobib samuti. Saab lugemise k\u00e4igus arutada, et kuidas siis meie peres nende asjadega lood on, aga t\u00f6\u00f6ealised v\u00f5ivad omaette ka lugeda,&#8221; \u00fctles Ester Urbala ja lisas, et ehk tekib \u00fcks v\u00f5imalik k\u00f5rvalpilk, mida laps v\u00f5ib seoses vanema t\u00f6\u00f6tamise v\u00f5i mittet\u00f6\u00f6tamisega tunda. &#8220;Turvaliselt saab ka omal nahal kogeda, kui ebamugavaks v\u00f5ivad muutuda iga pere imelikkused paigas, kus miski ei j\u00e4\u00e4 teiste eest saladuseks.&#8221;<\/p>\n<p><img decoding=\"async\" data-photo-id=\"3781450\" src=\"https:\/\/www.europesays.com\/ee\/wp-content\/uploads\/2026\/08\/3781450hc597t24.jpg\"\/>&#8220;T\u00f6\u00f6p\u00f5lgurid&#8221; Autor\/allikas: Pu\u00e4nt<\/p>\n<p>V\u00e4rskes teoses on tema s\u00f5nul igasugu hulle sekeldusi veel rohkem kui &#8220;Koolip\u00f5lgurites&#8221;. &#8220;Rohkem on ka omavaheliste suhete lappimist ja \u00fcllatusi, aga ka ruumi \u00fcksteisele l\u00e4hemale j\u00f5udmiseks,&#8221; mainis ta ja t\u00f5i v\u00e4lja, et pakase asemel vaatab uuest raamatust vastu troopiliselt kuum suvi. &#8220;On vaheaeg ja kui enne n\u00e4gime lapsevanemaid vaid paaris telefonik\u00f5nes ning tormakas l\u00f5pus, siis n\u00fc\u00fcd on nad igal pool. V\u00e4sinud k\u00f5igest, eriti t\u00f6\u00f6st ja vastutusest. Katsu sa siis lapsena sellistega muretut suvevaheaega pidada.&#8221;<\/p>\n<p>Seda, kas kaks teost on pannud aluse pikaajalisele sarjale, ei oska Urbala veel \u00f6elda. &#8220;Kerge ootus kolmandaks osaks on k\u00fcll \u00f5hus \u2013 et mis nendest 93-aastastest kaksikutest saarevahtidest Lauritsatest saab. Nad pole viimased 70 aastat saarelt \u00e4ra k\u00e4inud, nii et oleks k\u00fcll ainest nende (viimaseks?) linnaseikluseks. Mulle tundub vahel, et oma vanemate ja vanavanematega veedetakse m\u00f5lemapoolselt liiga v\u00e4he aega koos. Et s\u00f5ltumata east on k\u00f5igil k\u00e4ed-jalad ja kalender t\u00f6id ning tegemisi t\u00e4is. Nii et kui \u00fckskord oleme neis paralleelselt kulgevatel radadel justkui k\u00f5ik tehtud saanud, siis kas meil \u00fcldse on enam millestki r\u00e4\u00e4kida?&#8221;<\/p>\n<p>&#8220;T\u00f6\u00f6p\u00f5lgurid&#8221; on illustreerinud Ulla Saar, toimetanud Mari Klein ja kujundanud Einike Soosaar.<\/p>\n","protected":false},"excerpt":{"rendered":"Kirjastus Pu\u00e4nt andis v\u00e4ljas Ester Urbala uue lasteromaani &#8220;T\u00f6\u00f6p\u00f5lgurid&#8221;, mis on j\u00e4rg m\u00f6\u00f6dunud aastal ilmunud teosele &#8220;Koolip\u00f5lgurid&#8221;. Autori&hellip;\n","protected":false},"author":2,"featured_media":260209,"comment_status":"","ping_status":"","sticky":false,"template":"","format":"standard","meta":{"footnotes":"","_share_on_mastodon":"0"},"categories":[12],"tags":[26,27,37,33,35,35930,34,36,31,32,21,178,101118,4297,28,29,19,25,13729,101119,23,24,22,20,30],"class_list":["post-260208","post","type-post","status-publish","format-standard","has-post-thumbnail","category-eesti","tag-breaking-news","tag-breakingnews","tag-ee","tag-eesti","tag-eesti-keel","tag-ester-urbala","tag-estonia","tag-estonian","tag-featured-news","tag-featurednews","tag-headlines","tag-kirjandus","tag-koolipolgurid","tag-lastekirjandus","tag-latest-news","tag-latestnews","tag-news","tag-populaarseimad-lood","tag-puant","tag-toopolgurid","tag-top-stories","tag-topstories","tag-uldised-uudised","tag-uudised","tag-viimased-uudised"],"share_on_mastodon":{"url":"https:\/\/pubeurope.com\/@ee\/117154968279362005","error":""},"_links":{"self":[{"href":"https:\/\/www.europesays.com\/ee\/wp-json\/wp\/v2\/posts\/260208","targetHints":{"allow":["GET"]}}],"collection":[{"href":"https:\/\/www.europesays.com\/ee\/wp-json\/wp\/v2\/posts"}],"about":[{"href":"https:\/\/www.europesays.com\/ee\/wp-json\/wp\/v2\/types\/post"}],"author":[{"embeddable":true,"href":"https:\/\/www.europesays.com\/ee\/wp-json\/wp\/v2\/users\/2"}],"replies":[{"embeddable":true,"href":"https:\/\/www.europesays.com\/ee\/wp-json\/wp\/v2\/comments?post=260208"}],"version-history":[{"count":0,"href":"https:\/\/www.europesays.com\/ee\/wp-json\/wp\/v2\/posts\/260208\/revisions"}],"wp:featuredmedia":[{"embeddable":true,"href":"https:\/\/www.europesays.com\/ee\/wp-json\/wp\/v2\/media\/260209"}],"wp:attachment":[{"href":"https:\/\/www.europesays.com\/ee\/wp-json\/wp\/v2\/media?parent=260208"}],"wp:term":[{"taxonomy":"category","embeddable":true,"href":"https:\/\/www.europesays.com\/ee\/wp-json\/wp\/v2\/categories?post=260208"},{"taxonomy":"post_tag","embeddable":true,"href":"https:\/\/www.europesays.com\/ee\/wp-json\/wp\/v2\/tags?post=260208"}],"curies":[{"name":"wp","href":"https:\/\/api.w.org\/{rel}","templated":true}]}}