{"id":260212,"date":"2026-08-25T07:35:12","date_gmt":"2026-08-25T07:35:12","guid":{"rendered":"https:\/\/www.europesays.com\/ee\/260212\/"},"modified":"2026-08-25T07:35:12","modified_gmt":"2026-08-25T07:35:12","slug":"elu-palli-taga-rimo-hunt-esimest-korda-tegin-pariselt-trenni-alles-premium-liigas-soccernet-ee","status":"publish","type":"post","link":"https:\/\/www.europesays.com\/ee\/260212\/","title":{"rendered":"Elu palli taga | Rimo Hunt: esimest korda tegin p\u00e4riselt trenni alles Premium liigas! &#8211; Soccernet.ee"},"content":{"rendered":"<p>&#13;\n<\/p>\n<p>Soccernet.ee jutusaate &#8220;Elu palli taga&#8221; 16. osas on k\u00fclaliseks Rimo Hunt &#8211; Eesti jalgpallur, kelle teekond tippu oli k\u00f5ike muud kui tavaline.<\/p>\n<p>Juttu tuleb sellest, kuidas alles 25-aastaselt Esiliiga tasemele j\u00f5udnud Hunt kerkis seej\u00e4rel vaid m\u00f5ne aastaga Premium liiga parimaks m\u00e4ngijaks, Eesti meistriks, Eesti koondislaseks ja teenis v\u00e4lislepingu. Teemaks tulevad veel pausid jalgpallis, keemia\u00f5pingud, poliitika, Levadia-aastad ja Kasahstani periood, kus jalgpalli k\u00f5rval tuli ette ka p\u00e4ris palju teistsuguseid lugusid.&#13;\n<\/p>\n<p>Samuti pajatab Hunt N\u00f5mme Kaljuga v\u00f5idetud meistritiitlist, ootamatust karj\u00e4\u00e4ri l\u00f5petamisest ning sellest, kas Eesti jalgpall loobub m\u00e4ngijatest liiga vara.<\/p>\n<p>Intervjueerijaks oli T\u00f5nn Luts.&#13;\n<\/p>\n<p>Saatekava:&#13;\n<\/p>\n<p>00:07 Sissejuhatus<br \/>&#13;<br \/>\n01:00 Jalgpall, korvpall ja vehklemine &#8211; lapsep\u00f5lv<br \/>&#13;<br \/>\n07:00 F\u00fc\u00fcsiline vorm lubas ainult tipus olla<br \/>&#13;<br \/>\n09:50 Keemik Rimo ehk mis v\u00e4rk selle \u00fclikooliga oli?<br \/>&#13;<br \/>\n11:20 Kaitsev\u00e4gi tegi Rimost (m\u00e4ngu)mehe<br \/>&#13;<br \/>\n14:12 \u00c4kki m\u00e4ngiks suurt vutti ka?<br \/>&#13;<br \/>\n18:10 Kes see hull on, kes siin ringi kablutab?<br \/>&#13;<br \/>\n22:20 Levadias hakkas esimest korda p\u00e4riselt trenni tegema<br \/>&#13;<br \/>\n24:00 Kahe aastaga v\u00f5itis k\u00f5ik<br \/>&#13;<br \/>\n28:35 Koondisekutsest ja veidratest protsessidest-loogikatest<br \/>&#13;<br \/>\n32:25 Poola, Saksamaa ja l\u00f5puks T\u0161ehhi<br \/>&#13;<br \/>\n35:55 K\u00f5ik on l\u00e4bi, kui alla kirjutad!\u00a0<br \/>&#13;<br \/>\n40:45 Bussiga k\u00fcll ei s\u00f5itnud ja top v\u00e4lismaalane!<br \/>&#13;<br \/>\n47:30 Mis seal Levadias siis juhtus?<br \/>&#13;<br \/>\n52:18 Kaljus h\u00e4sti, kuniks suusad ristis?<br \/>&#13;<br \/>\n57:15 Sa oled m\u00f5ttetu vend!<br \/>&#13;<br \/>\n01:01:35 Mis oleks olnud, kui&#8230;?<br \/>&#13;<br \/>\n01:03:35 Eesti jalgpalli suurim katsumus<br \/>&#13;<br \/>\n01:07:20 Jari Litmanen ja hoki<br \/>&#13;<br \/>\n01:09:14 Hirm tuleviku ees&#13;\n<\/p>\n<p>&#13;<\/p>\n","protected":false},"excerpt":{"rendered":"&#13; Soccernet.ee jutusaate &#8220;Elu palli taga&#8221; 16. osas on k\u00fclaliseks Rimo Hunt &#8211; Eesti jalgpallur, kelle teekond tippu&hellip;\n","protected":false},"author":2,"featured_media":260213,"comment_status":"","ping_status":"","sticky":false,"template":"","format":"standard","meta":{"footnotes":"","_share_on_mastodon":"0"},"categories":[18],"tags":[37,33,35,62657,34,36,3116,37734,159,158,62658],"class_list":["post-260212","post","type-post","status-publish","format-standard","has-post-thumbnail","category-sport","tag-ee","tag-eesti","tag-eesti-keel","tag-elu-palli-taga","tag-estonia","tag-estonian","tag-hunt","tag-rimo-hunt","tag-sport","tag-sports","tag-tonn-luts"],"share_on_mastodon":{"url":"https:\/\/pubeurope.com\/@ee\/117154999615409437","error":""},"_links":{"self":[{"href":"https:\/\/www.europesays.com\/ee\/wp-json\/wp\/v2\/posts\/260212","targetHints":{"allow":["GET"]}}],"collection":[{"href":"https:\/\/www.europesays.com\/ee\/wp-json\/wp\/v2\/posts"}],"about":[{"href":"https:\/\/www.europesays.com\/ee\/wp-json\/wp\/v2\/types\/post"}],"author":[{"embeddable":true,"href":"https:\/\/www.europesays.com\/ee\/wp-json\/wp\/v2\/users\/2"}],"replies":[{"embeddable":true,"href":"https:\/\/www.europesays.com\/ee\/wp-json\/wp\/v2\/comments?post=260212"}],"version-history":[{"count":0,"href":"https:\/\/www.europesays.com\/ee\/wp-json\/wp\/v2\/posts\/260212\/revisions"}],"wp:featuredmedia":[{"embeddable":true,"href":"https:\/\/www.europesays.com\/ee\/wp-json\/wp\/v2\/media\/260213"}],"wp:attachment":[{"href":"https:\/\/www.europesays.com\/ee\/wp-json\/wp\/v2\/media?parent=260212"}],"wp:term":[{"taxonomy":"category","embeddable":true,"href":"https:\/\/www.europesays.com\/ee\/wp-json\/wp\/v2\/categories?post=260212"},{"taxonomy":"post_tag","embeddable":true,"href":"https:\/\/www.europesays.com\/ee\/wp-json\/wp\/v2\/tags?post=260212"}],"curies":[{"name":"wp","href":"https:\/\/api.w.org\/{rel}","templated":true}]}}