{"id":260220,"date":"2026-08-25T07:46:08","date_gmt":"2026-08-25T07:46:08","guid":{"rendered":"https:\/\/www.europesays.com\/ee\/260220\/"},"modified":"2026-08-25T07:46:08","modified_gmt":"2026-08-25T07:46:08","slug":"wrc2-liider-virves-paraguays-on-fookuses-kindel-soit-mitte-liigsed-riskid","status":"publish","type":"post","link":"https:\/\/www.europesays.com\/ee\/260220\/","title":{"rendered":"WRC2 liider Virves: Paraguays on fookuses kindel s\u00f5it, mitte liigsed riskid"},"content":{"rendered":"<p class=\"MsoNormal\">Robert Virves l\u00e4heb sel n\u00e4dalal Paraguay MM-rallil starti WRC2 sarja kindla liidrina. \u0160koda Fabia Rally2-autoga s\u00f5itev Virves on seni osalenud neljal rallil \u2013 Keenia, Kreeka, Eesti ja Soome \u2013 ja need k\u00f5ik v\u00f5itnud. Paraguay teed ja olud on talle tuttavad eelmisest aastast, kui ta oli poodiumikonkurentsis, kuid pidi l\u00f5puks leppima viienda kohaga. Seekord loodab saarlane saadud kogemuse enda kasuks p\u00f6\u00f6rata.<\/p>\n","protected":false},"excerpt":{"rendered":"Robert Virves l\u00e4heb sel n\u00e4dalal Paraguay MM-rallil starti WRC2 sarja kindla liidrina. \u0160koda Fabia Rally2-autoga s\u00f5itev Virves on&hellip;\n","protected":false},"author":2,"featured_media":260221,"comment_status":"","ping_status":"","sticky":false,"template":"","format":"standard","meta":{"footnotes":"","_share_on_mastodon":"0"},"categories":[18],"tags":[37,33,35,34,36,3017,96671,3016,159,158],"class_list":["post-260220","post","type-post","status-publish","format-standard","has-post-thumbnail","category-sport","tag-ee","tag-eesti","tag-eesti-keel","tag-estonia","tag-estonian","tag-jakko-viilo","tag-paraguay-ralli","tag-robert-virves","tag-sport","tag-sports"],"share_on_mastodon":{"url":"https:\/\/pubeurope.com\/@ee\/117155042701388658","error":""},"_links":{"self":[{"href":"https:\/\/www.europesays.com\/ee\/wp-json\/wp\/v2\/posts\/260220","targetHints":{"allow":["GET"]}}],"collection":[{"href":"https:\/\/www.europesays.com\/ee\/wp-json\/wp\/v2\/posts"}],"about":[{"href":"https:\/\/www.europesays.com\/ee\/wp-json\/wp\/v2\/types\/post"}],"author":[{"embeddable":true,"href":"https:\/\/www.europesays.com\/ee\/wp-json\/wp\/v2\/users\/2"}],"replies":[{"embeddable":true,"href":"https:\/\/www.europesays.com\/ee\/wp-json\/wp\/v2\/comments?post=260220"}],"version-history":[{"count":0,"href":"https:\/\/www.europesays.com\/ee\/wp-json\/wp\/v2\/posts\/260220\/revisions"}],"wp:featuredmedia":[{"embeddable":true,"href":"https:\/\/www.europesays.com\/ee\/wp-json\/wp\/v2\/media\/260221"}],"wp:attachment":[{"href":"https:\/\/www.europesays.com\/ee\/wp-json\/wp\/v2\/media?parent=260220"}],"wp:term":[{"taxonomy":"category","embeddable":true,"href":"https:\/\/www.europesays.com\/ee\/wp-json\/wp\/v2\/categories?post=260220"},{"taxonomy":"post_tag","embeddable":true,"href":"https:\/\/www.europesays.com\/ee\/wp-json\/wp\/v2\/tags?post=260220"}],"curies":[{"name":"wp","href":"https:\/\/api.w.org\/{rel}","templated":true}]}}