{"id":260240,"date":"2026-08-25T08:10:25","date_gmt":"2026-08-25T08:10:25","guid":{"rendered":"https:\/\/www.europesays.com\/ee\/260240\/"},"modified":"2026-08-25T08:10:25","modified_gmt":"2026-08-25T08:10:25","slug":"netanyahu-vaitel-uritas-iraan-tappa-tema-poega","status":"publish","type":"post","link":"https:\/\/www.europesays.com\/ee\/260240\/","title":{"rendered":"Netanyahu v\u00e4itel \u00fcritas Iraan tappa tema poega"},"content":{"rendered":"<p>\u201eSee on uskumatu juhtum. Iraan v\u00f5ttis sihikule \u00fche mu poegadest. Iraan \u00fcritas teda m\u00f5rvata, \u00fcritas m\u00f5rvata \u00fcht mu poegadest,\u201c \u00fctles Channel 14-le antud telefoniintervjuus.<\/p>\n<p>Ta v\u00e4itis seda seoses teatega, et \u00fcks Iisraeli julgeolekuagentuuridest keeldus andmast turva\u00fcksust endisele armee\u00fclemale Gadi Eisenkotile, kes kandideerib enne valimisi Netanyahuga peaministri kohale. Netanyahu s\u00f5nul ei ole \u00f6\u00f6p\u00e4evaringne kaitse Eisenkotile \u201eluksus\u201c, vaid ilma kaitseta v\u00f5ivad iraanlaste atentaadikatsed \u00f5nnestuda. <\/p>\n<p>Netanyahul on kaks poega ja t\u00fctar. The Jerusalem Posti <a rel=\"dofollow noopener\" target=\"_blank\" href=\"https:\/\/www.jpost.com\/israel-news\/article-906454\" data-rel-date-range=\"[]\">andmetel<\/a> pikendasid Iisraeli v\u00f5imud juulis tema m\u00f5lema poja ja abikaasa isiklikku kaitset. Tema vanem poeg Yair (35) on viibinud alates 2024. aasta algusest pikemaid perioode USA-s Miamis, mis on tekitanud Iisraelis vaidlusi tema kaitsmise maksumuse \u00fcle.<\/p>\n<p>Iraan on lubanud <a rel=\"noopener nofollow\" target=\"_blank\" href=\"https:\/\/www.delfi.ee\/teema\/56936524\/ali-khamenei\" tag-id=\"56936524\">Ali Khamenei<\/a> ja tema pereliikmete tapmise eest k\u00e4tte maksta. Ali Khamenei poeg Mojtaba nimetati n\u00e4dal p\u00e4rast isa surma uueks k\u00f5rgeimaks juhiks, kuid teda ei ole p\u00e4rast ametisse nimetamist avalikkuses n\u00e4htud. Isa matusteks avaldatud s\u00f5numis lubas Mojtaba k\u00e4ttemaksu t\u00e4ide viia. <\/p>\n<p>Kuidas see lugu Sind end tundma pani?Saada<a href=\"https:\/\/www.delfi.ee\/artikkel\/120605824\/netanyahu-vaitel-uritas-iraan-tappa-tema-poega\/kommentaarid\" class=\"button button--primary button--size-auto article-body-bottom__comment article-body-bottom__comment--write\" style=\"\" rel=\"nofollow noopener\" target=\"_blank\">Kommenteeri<\/a><a href=\"https:\/\/www.delfi.ee\/artikkel\/120605824\/netanyahu-vaitel-uritas-iraan-tappa-tema-poega\/kommentaarid\" class=\"button button--size-auto article-body-bottom__comment article-body-bottom__comment--read\" style=\"\" rel=\"nofollow noopener\" target=\"_blank\">Loe kommentaare (10)<\/a><\/p>\n","protected":false},"excerpt":{"rendered":"\u201eSee on uskumatu juhtum. Iraan v\u00f5ttis sihikule \u00fche mu poegadest. Iraan \u00fcritas teda m\u00f5rvata, \u00fcritas m\u00f5rvata \u00fcht mu&hellip;\n","protected":false},"author":2,"featured_media":260241,"comment_status":"","ping_status":"","sticky":false,"template":"","format":"standard","meta":{"footnotes":"","_share_on_mastodon":"0"},"categories":[14],"tags":[37105,131,621,130,37,33,35,34,36,619,1925,55982],"class_list":["post-260240","post","type-post","status-publish","format-standard","has-post-thumbnail","category-ari","tag-ali-khamenei","tag-ari","tag-benjamin-netanyahu","tag-business","tag-ee","tag-eesti","tag-eesti-keel","tag-estonia","tag-estonian","tag-iisrael","tag-iraan","tag-mojtaba-khamenei"],"share_on_mastodon":{"url":"https:\/\/pubeurope.com\/@ee\/117155137241623695","error":""},"_links":{"self":[{"href":"https:\/\/www.europesays.com\/ee\/wp-json\/wp\/v2\/posts\/260240","targetHints":{"allow":["GET"]}}],"collection":[{"href":"https:\/\/www.europesays.com\/ee\/wp-json\/wp\/v2\/posts"}],"about":[{"href":"https:\/\/www.europesays.com\/ee\/wp-json\/wp\/v2\/types\/post"}],"author":[{"embeddable":true,"href":"https:\/\/www.europesays.com\/ee\/wp-json\/wp\/v2\/users\/2"}],"replies":[{"embeddable":true,"href":"https:\/\/www.europesays.com\/ee\/wp-json\/wp\/v2\/comments?post=260240"}],"version-history":[{"count":0,"href":"https:\/\/www.europesays.com\/ee\/wp-json\/wp\/v2\/posts\/260240\/revisions"}],"wp:featuredmedia":[{"embeddable":true,"href":"https:\/\/www.europesays.com\/ee\/wp-json\/wp\/v2\/media\/260241"}],"wp:attachment":[{"href":"https:\/\/www.europesays.com\/ee\/wp-json\/wp\/v2\/media?parent=260240"}],"wp:term":[{"taxonomy":"category","embeddable":true,"href":"https:\/\/www.europesays.com\/ee\/wp-json\/wp\/v2\/categories?post=260240"},{"taxonomy":"post_tag","embeddable":true,"href":"https:\/\/www.europesays.com\/ee\/wp-json\/wp\/v2\/tags?post=260240"}],"curies":[{"name":"wp","href":"https:\/\/api.w.org\/{rel}","templated":true}]}}