{"id":260264,"date":"2026-08-25T08:36:11","date_gmt":"2026-08-25T08:36:11","guid":{"rendered":"https:\/\/www.europesays.com\/ee\/260264\/"},"modified":"2026-08-25T08:36:11","modified_gmt":"2026-08-25T08:36:11","slug":"tahe-lee-liiv-esineb-estonia-kontserdisaalis-bach-kohtub-uue-eesti-muusikaga","status":"publish","type":"post","link":"https:\/\/www.europesays.com\/ee\/260264\/","title":{"rendered":"T\u00e4he-Lee Liiv esineb Estonia kontserdisaalis, Bach kohtub uue eesti muusikaga"},"content":{"rendered":"<p class=\"MsoNormal\">Johann Sebastian Bachi looming on l\u00e4\u00e4ne muusikakultuuri \u00fcks kandvamaid alustalasid, \u00fchendades ranget vormitunnetust, s\u00fcgavat v\u00e4ljendusj\u00f5udu ja virtuoosset meisterlikkust. K\u00e4esolevas kavas k\u00f5lavad kolm Bachi ikoonilist klahvpillikontserti, mis avavad Bachi mitmek\u00fclgsuse nii dramaatilise pinge, helge pidulikkuse kui ka l\u00fc\u00fcrilise s\u00fcgavuse kaudu. D-duur kontsert BWV 1054 s\u00e4rab elava energia ja selgejoonelise vormiga, d-moll kontsert BWV 1052 paistab silma oma j\u00f5ulise ja peaaegu s\u00fcmfoonilise karakteriga, samas kui f-moll kontsert BWV 1056 toob esile Bachi tundelisema ja introvertsema poole. \u00abMostly Bach\u00bb on j\u00e4tk T\u00e4he-Lee Liivi klaverikontsertide sarjale, mis algasid kavadega \u00abMostly Mozart\u00bb 2025 aasta l\u00f5pus ning \u00abMostly Mendelssohn\u00bb 2026. aasta esimeses pooles.<\/p>\n","protected":false},"excerpt":{"rendered":"Johann Sebastian Bachi looming on l\u00e4\u00e4ne muusikakultuuri \u00fcks kandvamaid alustalasid, \u00fchendades ranget vormitunnetust, s\u00fcgavat v\u00e4ljendusj\u00f5udu ja virtuoosset meisterlikkust.&hellip;\n","protected":false},"author":2,"featured_media":260265,"comment_status":"","ping_status":"","sticky":false,"template":"","format":"standard","meta":{"footnotes":"","_share_on_mastodon":"0"},"categories":[5],"tags":[194,180,26,27,186,37,33,35,199,182,181,34,36,183,31,32,193,21,178,176,190,28,29,185,184,187,191,195,19,201,198,188,25,179,189,192,177,23,24,196,22,20,200,197,30],"class_list":["post-260264","post","type-post","status-publish","format-standard","has-post-thumbnail","category-uldised-uudised","tag-arhitektuur","tag-arvustus","tag-breaking-news","tag-breakingnews","tag-draamateater","tag-ee","tag-eesti","tag-eesti-keel","tag-endla","tag-esietendus","tag-esilinastus","tag-estonia","tag-estonian","tag-etendus","tag-featured-news","tag-featurednews","tag-graafika","tag-headlines","tag-kirjandus","tag-kultuur","tag-kunst","tag-latest-news","tag-latestnews","tag-lava","tag-lavastus","tag-linnateater","tag-maal","tag-naitus","tag-news","tag-novel","tag-nuku","tag-ooper","tag-populaarseimad-lood","tag-raamat","tag-rahvusooper","tag-skulptuur","tag-teater","tag-top-stories","tag-topstories","tag-ugala","tag-uldised-uudised","tag-uudised","tag-vaba-lava","tag-vanemuine","tag-viimased-uudised"],"share_on_mastodon":{"url":"","error":"Validation failed: Text character limit of 500 exceeded"},"_links":{"self":[{"href":"https:\/\/www.europesays.com\/ee\/wp-json\/wp\/v2\/posts\/260264","targetHints":{"allow":["GET"]}}],"collection":[{"href":"https:\/\/www.europesays.com\/ee\/wp-json\/wp\/v2\/posts"}],"about":[{"href":"https:\/\/www.europesays.com\/ee\/wp-json\/wp\/v2\/types\/post"}],"author":[{"embeddable":true,"href":"https:\/\/www.europesays.com\/ee\/wp-json\/wp\/v2\/users\/2"}],"replies":[{"embeddable":true,"href":"https:\/\/www.europesays.com\/ee\/wp-json\/wp\/v2\/comments?post=260264"}],"version-history":[{"count":0,"href":"https:\/\/www.europesays.com\/ee\/wp-json\/wp\/v2\/posts\/260264\/revisions"}],"wp:featuredmedia":[{"embeddable":true,"href":"https:\/\/www.europesays.com\/ee\/wp-json\/wp\/v2\/media\/260265"}],"wp:attachment":[{"href":"https:\/\/www.europesays.com\/ee\/wp-json\/wp\/v2\/media?parent=260264"}],"wp:term":[{"taxonomy":"category","embeddable":true,"href":"https:\/\/www.europesays.com\/ee\/wp-json\/wp\/v2\/categories?post=260264"},{"taxonomy":"post_tag","embeddable":true,"href":"https:\/\/www.europesays.com\/ee\/wp-json\/wp\/v2\/tags?post=260264"}],"curies":[{"name":"wp","href":"https:\/\/api.w.org\/{rel}","templated":true}]}}