{"id":260284,"date":"2026-08-25T08:57:25","date_gmt":"2026-08-25T08:57:25","guid":{"rendered":"https:\/\/www.europesays.com\/ee\/260284\/"},"modified":"2026-08-25T08:57:25","modified_gmt":"2026-08-25T08:57:25","slug":"varske-veebikusitluse-kohaselt-soovib-vastanutest-enim-et-ministritest-umbusaldataks-jurgen-ligit","status":"publish","type":"post","link":"https:\/\/www.europesays.com\/ee\/260284\/","title":{"rendered":"V\u00e4rske veebik\u00fcsitluse kohaselt soovib vastanutest enim, et ministritest umbusaldataks J\u00fcrgen Ligit"},"content":{"rendered":"<p>K\u00fcsitluse viis l\u00e4bi <a rel=\"noopener nofollow\" target=\"_blank\" href=\"https:\/\/www.delfi.ee\/teema\/85051043\/norstat\" tag-id=\"85051043\">Norstat<\/a> Eesti AS. Instituut p\u00f5hjendab, et k\u00fcsitluse ajendiks oli t\u00f5ik, et v\u00f5imuliit on j\u00e4\u00e4nud riigikogus v\u00e4hemusse. Ehk koalitsiooni mittekuuluvatel riigikogu liikmetel on v\u00f5imalik ministrite umbusaldamiseks vajalik h\u00e4\u00e4lteenamus kokku saada.<\/p>\n<p>T\u00e4pne k\u00fcsimuse s\u00f5nastus oli j\u00e4rgmine: \u201eAugustis lahkus valitsuskoalitsioonist kaks riigikogu liiget, mist\u00f5ttu on n\u00fc\u00fcd Eestil v\u00e4hemusvalitsus (riigikogus puudub valitsusel enamus). Kui riigikogu opositsioon otsustaks m\u00f5ne ministri tagasi kutsuda (umbusaldada), siis kes see olla v\u00f5iks?\u201c <\/p>\n<p>Populaarseimad vastusevariandid olid:<\/p>\n<p>J\u00fcrgen Ligi (Reformierakond): 26%<\/p>\n<p>Lisaks valis 2% vastajatest m\u00f5ne muu ministri, 13% \u00fctles, et \u201emitte kedagi ei peaks tagasi kutsuma\u201c, ning 17% vastas \u201eei oska \u00f6elda\u201c.<\/p>\n<p>EKRE toetajatest 39% avaldaks umbusaldust Michalile ja 30% Ligile. Isamaa toetajatest 39% umbusaldaks Ligi ning 14% Michalit. Keskerakonna toetajatest umbusaldaks 40% Ligi ning 21% Michalit. Parempoolsete toetajatest valis 23% vastuseks Michali ning 19% arvates ei peaks kedagi tagasi kutsuma. SDE toetajatest 23% arvates ei peaks kedagi tagasi kutsuma ning 18% nimetas Ligi. Reformierakonna toetajatest 42% arvates ei peaks kedagi tagasi kutsuma ning 13% nimetas Terrast.<\/p>\n<p>Norstati k\u00fcsitlus viidi veebikeskkonnas l\u00e4bi 19.\u201320. augustil 18-aastaste ning vanemate Eesti kodanike seas. Selles osales kokku 1002 vastajat.<\/p>\n<p>Kuidas see lugu Sind end tundma pani?Saada<a href=\"https:\/\/www.delfi.ee\/artikkel\/120605839\/varske-veebikusitluse-kohaselt-soovib-vastanutest-enim-et-ministritest-umbusaldataks-jurgen-ligit\/kommentaarid\" class=\"button button--primary button--size-auto article-body-bottom__comment article-body-bottom__comment--write\" style=\"\" rel=\"nofollow noopener\" target=\"_blank\">Kommenteeri<\/a><a href=\"https:\/\/www.delfi.ee\/artikkel\/120605839\/varske-veebikusitluse-kohaselt-soovib-vastanutest-enim-et-ministritest-umbusaldataks-jurgen-ligit\/kommentaarid\" class=\"button button--size-auto article-body-bottom__comment article-body-bottom__comment--read\" style=\"\" rel=\"nofollow noopener\" target=\"_blank\">Loe kommentaare (89)<\/a><\/p>\n","protected":false},"excerpt":{"rendered":"K\u00fcsitluse viis l\u00e4bi Norstat Eesti AS. Instituut p\u00f5hjendab, et k\u00fcsitluse ajendiks oli t\u00f5ik, et v\u00f5imuliit on j\u00e4\u00e4nud riigikogus&hellip;\n","protected":false},"author":2,"featured_media":260285,"comment_status":"","ping_status":"","sticky":false,"template":"","format":"standard","meta":{"footnotes":"","_share_on_mastodon":"0"},"categories":[12],"tags":[26,27,37,33,35,34,36,31,32,21,6415,614,746,1793,646,648,28,29,2860,1131,19,1832,25,23,24,1831,22,20,30],"class_list":["post-260284","post","type-post","status-publish","format-standard","has-post-thumbnail","category-eesti","tag-breaking-news","tag-breakingnews","tag-ee","tag-eesti","tag-eesti-keel","tag-estonia","tag-estonian","tag-featured-news","tag-featurednews","tag-headlines","tag-hendrik-terras","tag-igor-taro","tag-jurgen-ligi","tag-karmen-joller","tag-kristen-michal","tag-kristina-kallas","tag-latest-news","tag-latestnews","tag-liisa-pakosta","tag-margus-tsahkna","tag-news","tag-norstat","tag-populaarseimad-lood","tag-top-stories","tag-topstories","tag-uhiskonnauuringute-instituut","tag-uldised-uudised","tag-uudised","tag-viimased-uudised"],"share_on_mastodon":{"url":"https:\/\/pubeurope.com\/@ee\/117155321895989161","error":""},"_links":{"self":[{"href":"https:\/\/www.europesays.com\/ee\/wp-json\/wp\/v2\/posts\/260284","targetHints":{"allow":["GET"]}}],"collection":[{"href":"https:\/\/www.europesays.com\/ee\/wp-json\/wp\/v2\/posts"}],"about":[{"href":"https:\/\/www.europesays.com\/ee\/wp-json\/wp\/v2\/types\/post"}],"author":[{"embeddable":true,"href":"https:\/\/www.europesays.com\/ee\/wp-json\/wp\/v2\/users\/2"}],"replies":[{"embeddable":true,"href":"https:\/\/www.europesays.com\/ee\/wp-json\/wp\/v2\/comments?post=260284"}],"version-history":[{"count":0,"href":"https:\/\/www.europesays.com\/ee\/wp-json\/wp\/v2\/posts\/260284\/revisions"}],"wp:featuredmedia":[{"embeddable":true,"href":"https:\/\/www.europesays.com\/ee\/wp-json\/wp\/v2\/media\/260285"}],"wp:attachment":[{"href":"https:\/\/www.europesays.com\/ee\/wp-json\/wp\/v2\/media?parent=260284"}],"wp:term":[{"taxonomy":"category","embeddable":true,"href":"https:\/\/www.europesays.com\/ee\/wp-json\/wp\/v2\/categories?post=260284"},{"taxonomy":"post_tag","embeddable":true,"href":"https:\/\/www.europesays.com\/ee\/wp-json\/wp\/v2\/tags?post=260284"}],"curies":[{"name":"wp","href":"https:\/\/api.w.org\/{rel}","templated":true}]}}