{"id":260286,"date":"2026-08-25T08:58:18","date_gmt":"2026-08-25T08:58:18","guid":{"rendered":"https:\/\/www.europesays.com\/ee\/260286\/"},"modified":"2026-08-25T08:58:18","modified_gmt":"2026-08-25T08:58:18","slug":"saudi-araabia-investeerib-pariisi-lahistele-kolme-teemapargi-rajamiseks-6-miljardit-eurot","status":"publish","type":"post","link":"https:\/\/www.europesays.com\/ee\/260286\/","title":{"rendered":"Saudi Araabia investeerib Pariisi l\u00e4histele kolme teemapargi rajamiseks 6 miljardit eurot"},"content":{"rendered":"<p>V\u00e4ljaande <a rel=\"dofollow noopener\" target=\"_blank\" href=\"https:\/\/deadline.com\/2026\/08\/saudi-arabia-france-theme-parks-paris-1237049081\/\" data-rel-date-range=\"[]\">Deadline<\/a> teatel j\u00e4rgnes Macroni sotsiaalmeedias tehtud avaldus Saudi Araabia ja Prantsusmaa vastastikuse m\u00f5istmise memorandumi allkirjastamisele Saudi kroonprintsi Mohammed bin Salmani visiidi ajal.<\/p>\n<p>Macron nimetas kokkulepet erakordseks. Tema s\u00f5nul looksid pargid 22 000 t\u00f6\u00f6kohta ning oleksid mastaabilt v\u00f5rreldavad projektiga, mida pole Prantsusmaal n\u00e4htud p\u00e4rast <a rel=\"noopener nofollow\" target=\"_blank\" href=\"https:\/\/www.delfi.ee\/teema\/82814533\/pariisi-disneyland\" tag-id=\"82814533\">Pariisi Disneylandi<\/a> rajamist.<\/p>\n<p>Macron ei t\u00e4psustanud, millistele teemadele pargid keskenduvad. Ta \u00fctles siiski: \u201eTe teate minu huvi manga vastu.\u201c Seep\u00e4rast oletatakse, et \u00fcks park v\u00f5ib olla seotud Jaapani mangaga \u201e<a rel=\"noopener nofollow\" target=\"_blank\" href=\"https:\/\/www.delfi.ee\/teema\/96945291\/dragon-ball\" tag-id=\"96945291\">Dragon Ball<\/a>\u201c.<\/p>\n<p>Projekti rahastab Saudi Araabia meelelahutus- ja investeerimisgrupp Qiddiya. Sama grupp arendab maailma esimest \u201eDragon Balli\u201c teemaparki Riyadhi l\u00e4histel Qiddiyas.<\/p>\n<p>Kuidas see lugu Sind end tundma pani?Saada<a href=\"https:\/\/www.delfi.ee\/artikkel\/120605861\/saudi-araabia-investeerib-pariisi-lahistele-kolme-teemapargi-rajamiseks-6-miljardit-eurot\/kommentaarid\" class=\"button button--primary button--size-auto article-body-bottom__comment article-body-bottom__comment--write\" style=\"\" rel=\"nofollow noopener\" target=\"_blank\">Kommenteeri<\/a><a href=\"https:\/\/www.delfi.ee\/artikkel\/120605861\/saudi-araabia-investeerib-pariisi-lahistele-kolme-teemapargi-rajamiseks-6-miljardit-eurot\/kommentaarid\" class=\"button button--size-auto article-body-bottom__comment article-body-bottom__comment--read\" style=\"\" rel=\"nofollow noopener\" target=\"_blank\">Loe kommentaare (10)<\/a><\/p>\n","protected":false},"excerpt":{"rendered":"V\u00e4ljaande Deadline teatel j\u00e4rgnes Macroni sotsiaalmeedias tehtud avaldus Saudi Araabia ja Prantsusmaa vastastikuse m\u00f5istmise memorandumi allkirjastamisele Saudi kroonprintsi&hellip;\n","protected":false},"author":2,"featured_media":260287,"comment_status":"","ping_status":"","sticky":false,"template":"","format":"standard","meta":{"footnotes":"","_share_on_mastodon":"0"},"categories":[5],"tags":[26,27,13999,101135,37,33,35,2194,34,36,31,32,21,28,29,19,125,101134,25,52,1228,23,24,22,20,30],"class_list":["post-260286","post","type-post","status-publish","format-standard","has-post-thumbnail","category-uldised-uudised","tag-breaking-news","tag-breakingnews","tag-disneyland","tag-dragon-ball","tag-ee","tag-eesti","tag-eesti-keel","tag-emmanuel-macron","tag-estonia","tag-estonian","tag-featured-news","tag-featurednews","tag-headlines","tag-latest-news","tag-latestnews","tag-news","tag-pariis","tag-pariisi-disneyland","tag-populaarseimad-lood","tag-prantsusmaa","tag-saudi-araabia","tag-top-stories","tag-topstories","tag-uldised-uudised","tag-uudised","tag-viimased-uudised"],"share_on_mastodon":{"url":"https:\/\/pubeurope.com\/@ee\/117155326107884493","error":""},"_links":{"self":[{"href":"https:\/\/www.europesays.com\/ee\/wp-json\/wp\/v2\/posts\/260286","targetHints":{"allow":["GET"]}}],"collection":[{"href":"https:\/\/www.europesays.com\/ee\/wp-json\/wp\/v2\/posts"}],"about":[{"href":"https:\/\/www.europesays.com\/ee\/wp-json\/wp\/v2\/types\/post"}],"author":[{"embeddable":true,"href":"https:\/\/www.europesays.com\/ee\/wp-json\/wp\/v2\/users\/2"}],"replies":[{"embeddable":true,"href":"https:\/\/www.europesays.com\/ee\/wp-json\/wp\/v2\/comments?post=260286"}],"version-history":[{"count":0,"href":"https:\/\/www.europesays.com\/ee\/wp-json\/wp\/v2\/posts\/260286\/revisions"}],"wp:featuredmedia":[{"embeddable":true,"href":"https:\/\/www.europesays.com\/ee\/wp-json\/wp\/v2\/media\/260287"}],"wp:attachment":[{"href":"https:\/\/www.europesays.com\/ee\/wp-json\/wp\/v2\/media?parent=260286"}],"wp:term":[{"taxonomy":"category","embeddable":true,"href":"https:\/\/www.europesays.com\/ee\/wp-json\/wp\/v2\/categories?post=260286"},{"taxonomy":"post_tag","embeddable":true,"href":"https:\/\/www.europesays.com\/ee\/wp-json\/wp\/v2\/tags?post=260286"}],"curies":[{"name":"wp","href":"https:\/\/api.w.org\/{rel}","templated":true}]}}