{"id":260288,"date":"2026-08-25T09:04:07","date_gmt":"2026-08-25T09:04:07","guid":{"rendered":"https:\/\/www.europesays.com\/ee\/260288\/"},"modified":"2026-08-25T09:04:07","modified_gmt":"2026-08-25T09:04:07","slug":"sudalinna-teater-toob-lavale-andrei-ivanovi-naidendi-see-on-koik-tema-teater","status":"publish","type":"post","link":"https:\/\/www.europesays.com\/ee\/260288\/","title":{"rendered":"S\u00fcdalinna Teater toob lavale Andrei Ivanovi n\u00e4idendi &#8220;See on k\u00f5ik tema&#8221; | Teater"},"content":{"rendered":"<p>29. augustil esietendub S\u00fcdalinna Teatris Anastasiia Pylaeva ja Dmitiri Kordase lavastus &#8220;Neverland&#8221;, mille aluseks on Andrei Ivanovi n\u00e4idend &#8220;See on k\u00f5ik tema&#8221;.<\/p>\n<p>Projekt valmib teatristuudio OKOLO Teatra ja S\u00fcdalinna Teatri koost\u00f6\u00f6s. Lavastuses osalevad koos professionaalsete teatrikunstnikega teismelised, kelle jaoks see lugu ei ole ainult kunstiline materjal, vaid ka isiklik pihtimus. Laval elatakse l\u00e4bi nende endi kogemusi, hirme ja sisemisi konflikte.<\/p>\n<p>&#8220;Neverland&#8221; r\u00e4\u00e4gib sellest, kuidas noorte ja t\u00e4iskasvanute vahele kerkib t\u00e4nap\u00e4eval \u00fcha sagedamini n\u00e4htamatu sein, mille taga peituvad hirm, v\u00e4simus, \u00fcksindus ja v\u00f5imetus end kuuldavaks teha. Vanemad ja lapsed elavad k\u00f5rvuti, kuid justkui erinevates maailmades. Nad r\u00e4\u00e4givad, kuid ei kuula. Nad vaidlevad, kuid ei m\u00f5ista. Digitaalne reaalsus, sotsiaalmeedia ja l\u00f5putud virtuaalsed maskid suurendavad seda vahemaad veelgi, luues t\u00f5elise kontakti asemel illusiooni l\u00e4hedusest.<\/p>\n<p>&#8220;Neverland&#8221; ei eksisteeri ainult lavastusena, vaid projekt h\u00f5lmab raadiosaadet Raadio 4-s, kus erineva sotsiaalse ja haridusliku taustaga teismelised r\u00e4\u00e4givad oma unistustest, muredest, \u00fcksindusest ja suhetest t\u00e4iskasvanutega. P\u00e4rast iga etendust toimub ka avatud arutelu ps\u00fchholoogiga selle \u00fcle, miks p\u00f5lvkondadevaheline dialoog on katkenud ja kas on v\u00f5imalik uuesti \u00f5ppida \u00fcksteist kuulama.<\/p>\n<p>Lavastuse kunstnik on Jekaterina Sedova, valguskunstnik Anton Andrejuk, muusikaline kujundaja Aleksandr \u017dedeljov, videokujundajad MZ Studio ja Vladimir Tok, koreograaf Anastasia Lider, laval Tatjana Jegoru\u0161kina ja stuudio OKOLO Teatra.<\/p>\n","protected":false},"excerpt":{"rendered":"29. augustil esietendub S\u00fcdalinna Teatris Anastasiia Pylaeva ja Dmitiri Kordase lavastus &#8220;Neverland&#8221;, mille aluseks on Andrei Ivanovi n\u00e4idend&hellip;\n","protected":false},"author":2,"featured_media":260289,"comment_status":"","ping_status":"","sticky":false,"template":"","format":"standard","meta":{"footnotes":"","_share_on_mastodon":"0"},"categories":[16],"tags":[101137,37,33,35,173,34,36,140,101136,488,177],"class_list":["post-260288","post","type-post","status-publish","format-standard","has-post-thumbnail","category-meelelahutus","tag-andrei-ivanov","tag-ee","tag-eesti","tag-eesti-keel","tag-entertainment","tag-estonia","tag-estonian","tag-meelelahutus","tag-neverland","tag-sudalinna-teater","tag-teater"],"share_on_mastodon":{"url":"https:\/\/pubeurope.com\/@ee\/117155349659263397","error":""},"_links":{"self":[{"href":"https:\/\/www.europesays.com\/ee\/wp-json\/wp\/v2\/posts\/260288","targetHints":{"allow":["GET"]}}],"collection":[{"href":"https:\/\/www.europesays.com\/ee\/wp-json\/wp\/v2\/posts"}],"about":[{"href":"https:\/\/www.europesays.com\/ee\/wp-json\/wp\/v2\/types\/post"}],"author":[{"embeddable":true,"href":"https:\/\/www.europesays.com\/ee\/wp-json\/wp\/v2\/users\/2"}],"replies":[{"embeddable":true,"href":"https:\/\/www.europesays.com\/ee\/wp-json\/wp\/v2\/comments?post=260288"}],"version-history":[{"count":0,"href":"https:\/\/www.europesays.com\/ee\/wp-json\/wp\/v2\/posts\/260288\/revisions"}],"wp:featuredmedia":[{"embeddable":true,"href":"https:\/\/www.europesays.com\/ee\/wp-json\/wp\/v2\/media\/260289"}],"wp:attachment":[{"href":"https:\/\/www.europesays.com\/ee\/wp-json\/wp\/v2\/media?parent=260288"}],"wp:term":[{"taxonomy":"category","embeddable":true,"href":"https:\/\/www.europesays.com\/ee\/wp-json\/wp\/v2\/categories?post=260288"},{"taxonomy":"post_tag","embeddable":true,"href":"https:\/\/www.europesays.com\/ee\/wp-json\/wp\/v2\/tags?post=260288"}],"curies":[{"name":"wp","href":"https:\/\/api.w.org\/{rel}","templated":true}]}}