{"id":260310,"date":"2026-08-25T09:20:35","date_gmt":"2026-08-25T09:20:35","guid":{"rendered":"https:\/\/www.europesays.com\/ee\/260310\/"},"modified":"2026-08-25T09:20:35","modified_gmt":"2026-08-25T09:20:35","slug":"esmaspaeva-hommikul-oli-latis-tormi-tottu-elektrita-ligi-87-000-klienti-valismaa","status":"publish","type":"post","link":"https:\/\/www.europesays.com\/ee\/260310\/","title":{"rendered":"Esmasp\u00e4eva hommikul oli L\u00e4tis tormi t\u00f5ttu elektrita ligi 87 000 klienti | V\u00e4lismaa"},"content":{"rendered":"<p>L\u00e4ti meteoroloogiakeskuse andmetel tabas riiki \u00f6\u00f6l vastu p\u00fchap\u00e4eva tugevaim suvine torm v\u00e4hemalt alates 1966. aastast. Esmasp\u00e4eva hommikuse seisuga oli elektrita veel umbes 87 000 klienti, vahendas LSM.<\/p>\n<p>P\u00fchap\u00e4eva hommikul, p\u00e4rast tormi haripunkti, oli elektrivarustus h\u00e4iritud umbes 277 000 majapidamisel. Sadales t\u012bklsi teatel esines ulatuslikke elektrikatkestusi lisaks jaotusv\u00f5rgule ka p\u00f5hiv\u00f5rgus.<\/p>\n<p>N\u00e4dalavahetuse tormi j\u00e4rel taastati esmasp\u00e4eva varahommikuks elektrivarustus 190 000 kliendil ehk 70 protsendil neist, kelle elekter tormi t\u00f5ttu katkes, selgub v\u00f5rguettev\u00f5tte Sadales t\u012bkls andmetest.<\/p>\n<p>P\u00e4rast tormi parandati esmalt kahjustatud elektriliinid, et taastada elekter v\u00f5imalikult paljudel tarbijatel.\u00a0<\/p>\n<p>Esmasp\u00e4eval ja teisip\u00e4eval parandust\u00f6\u00f6d j\u00e4tkuvad, et tuua elekter tagasi h\u00f5redamalt asustatud piirkondadesse. Seet\u00f5ttu v\u00e4heneb elektrita majapidamiste arv l\u00e4hitundidel aeglasemalt, selgitas Sadales t\u012bklsi juhatuse esimees Sandis Jansons L\u00e4ti Televisiooni saates &#8220;R\u012bta Panor\u0101ma&#8221;.<\/p>\n<p>Ilmastikuolude lubades hakkab Sadales t\u012bkls kahjustatud elektriliinide kontrollimiseks ja rikete kiiremaks tuvastamiseks kasutama droone.<\/p>\n<p>Kahjustuste likvideerimist j\u00e4tkavad 206 Sadales t\u012bklsi brigaadi. Tormi tagaj\u00e4rgede t\u00f5husamaks lahendamiseks on kaasatud lisaks seitse brigaadi Eesti jaotusv\u00f5rguettev\u00f5ttest Elektrilevi.<\/p>\n<p>Riiklik tulet\u00f5rje- ja p\u00e4\u00e4steteenistus sai n\u00e4dalavahetusel 3028 tormikahjustuste likvideerimisega seotud v\u00e4ljakutset. K\u00f5ige sagedamini on tegu s\u00f5iduteele ja elektriliinidele murdunud puudega.<\/p>\n<p>Teedel lebab endiselt murdunud puid ja oksi, mist\u00f5ttu v\u00f5ib liiklus piirkondlikel ja kohalikel maanteedel olla mitmel pool raskendatud v\u00f5i isegi suletud, teatas L\u00e4ti maanteeamet esmasp\u00e4eval.<\/p>\n<p>Kiirabiteenistus\u00a0 teatas, et meedikud andsid abi kokku 14 kannatanule, sealhulgas tuvastati raskeid vigastusi. Traagiline \u00f5nnetus juhtus Jelgavas, kus \u00fcks inimene hukkus.<\/p>\n<p>P\u00e4\u00e4stjad reageerisid v\u00e4ljakutsele Jelgavas asuvasse asustamata uushoonesse, kus mees hukkus hoone konstruktsioonide varingus. Kiirabimeedikud tuvastasid mehe surma. \u00dcmberkaudsed elanikud r\u00e4\u00e4kisid L\u00e4ti Televisioonile, et hukkunu oli l\u00e4inud sinna tormi eest varju.<\/p>\n","protected":false},"excerpt":{"rendered":"L\u00e4ti meteoroloogiakeskuse andmetel tabas riiki \u00f6\u00f6l vastu p\u00fchap\u00e4eva tugevaim suvine torm v\u00e4hemalt alates 1966. aastast. Esmasp\u00e4eva hommikuse seisuga&hellip;\n","protected":false},"author":2,"featured_media":260311,"comment_status":"","ping_status":"","sticky":false,"template":"","format":"standard","meta":{"footnotes":"","_share_on_mastodon":"0"},"categories":[5],"tags":[26,27,37,33,35,26171,34,36,31,32,21,28,29,114,19,25,23,24,850,22,20,30],"class_list":["post-260310","post","type-post","status-publish","format-standard","has-post-thumbnail","category-uldised-uudised","tag-breaking-news","tag-breakingnews","tag-ee","tag-eesti","tag-eesti-keel","tag-elektrikatkestus","tag-estonia","tag-estonian","tag-featured-news","tag-featurednews","tag-headlines","tag-latest-news","tag-latestnews","tag-lati","tag-news","tag-populaarseimad-lood","tag-top-stories","tag-topstories","tag-torm","tag-uldised-uudised","tag-uudised","tag-viimased-uudised"],"share_on_mastodon":{"url":"https:\/\/pubeurope.com\/@ee\/117155412436569403","error":""},"_links":{"self":[{"href":"https:\/\/www.europesays.com\/ee\/wp-json\/wp\/v2\/posts\/260310","targetHints":{"allow":["GET"]}}],"collection":[{"href":"https:\/\/www.europesays.com\/ee\/wp-json\/wp\/v2\/posts"}],"about":[{"href":"https:\/\/www.europesays.com\/ee\/wp-json\/wp\/v2\/types\/post"}],"author":[{"embeddable":true,"href":"https:\/\/www.europesays.com\/ee\/wp-json\/wp\/v2\/users\/2"}],"replies":[{"embeddable":true,"href":"https:\/\/www.europesays.com\/ee\/wp-json\/wp\/v2\/comments?post=260310"}],"version-history":[{"count":0,"href":"https:\/\/www.europesays.com\/ee\/wp-json\/wp\/v2\/posts\/260310\/revisions"}],"wp:featuredmedia":[{"embeddable":true,"href":"https:\/\/www.europesays.com\/ee\/wp-json\/wp\/v2\/media\/260311"}],"wp:attachment":[{"href":"https:\/\/www.europesays.com\/ee\/wp-json\/wp\/v2\/media?parent=260310"}],"wp:term":[{"taxonomy":"category","embeddable":true,"href":"https:\/\/www.europesays.com\/ee\/wp-json\/wp\/v2\/categories?post=260310"},{"taxonomy":"post_tag","embeddable":true,"href":"https:\/\/www.europesays.com\/ee\/wp-json\/wp\/v2\/tags?post=260310"}],"curies":[{"name":"wp","href":"https:\/\/api.w.org\/{rel}","templated":true}]}}