{"id":260314,"date":"2026-08-25T09:28:19","date_gmt":"2026-08-25T09:28:19","guid":{"rendered":"https:\/\/www.europesays.com\/ee\/260314\/"},"modified":"2026-08-25T09:28:19","modified_gmt":"2026-08-25T09:28:19","slug":"majandusanaluutik-mihkel-nestor-eesti-majanduse-suurim-oht-on-krooniline-kollektiivne-pessimism-2","status":"publish","type":"post","link":"https:\/\/www.europesays.com\/ee\/260314\/","title":{"rendered":"Majandusanal\u00fc\u00fctik Mihkel Nestor: Eesti majanduse suurim oht on krooniline kollektiivne pessimism"},"content":{"rendered":"<p><a rel=\"noopener nofollow\" target=\"_blank\" href=\"https:\/\/www.delfi.ee\/teema\/64120147\/seb\" tag-id=\"64120147\">SEB<\/a> majandusanal\u00fc\u00fctiku <a rel=\"noopener nofollow\" target=\"_blank\" href=\"https:\/\/www.delfi.ee\/teema\/64153925\/mihkel-nestor\" tag-id=\"64153925\">Mihkel Nestori<\/a> hinnangul on Eesti majanduse olukord tegelikult parem, kui avalik arvamus ja tarbijate kindlustunde n\u00e4itajad seda peegeldavad. Tema s\u00f5nul on \u00fcks suuremaid riske aga just kollektiivne pessimism, depressioon, mis v\u00f5ib hakata m\u00f5jutama ettev\u00f5tjate investeerimisjulgust ja l\u00f5puks ka majanduskasvu. T\u00e4na avaldas SEB pank v\u00e4rske <a rel=\"noopener nofollow\" target=\"_blank\" href=\"https:\/\/www.delfi.ee\/teema\/56927320\/majandusprognoos\" tag-id=\"56927320\">majandusprognoosi<\/a>.<\/p>\n","protected":false},"excerpt":{"rendered":"SEB majandusanal\u00fc\u00fctiku Mihkel Nestori hinnangul on Eesti majanduse olukord tegelikult parem, kui avalik arvamus ja tarbijate kindlustunde n\u00e4itajad&hellip;\n","protected":false},"author":2,"featured_media":260315,"comment_status":"","ping_status":"","sticky":false,"template":"","format":"standard","meta":{"footnotes":"","_share_on_mastodon":"0"},"categories":[14],"tags":[131,130,37,33,35,34,36,2675,6691,2709],"class_list":["post-260314","post","type-post","status-publish","format-standard","has-post-thumbnail","category-ari","tag-ari","tag-business","tag-ee","tag-eesti","tag-eesti-keel","tag-estonia","tag-estonian","tag-majandusprognoos","tag-mihkel-nestor","tag-seb"],"share_on_mastodon":{"url":"https:\/\/pubeurope.com\/@ee\/117155443683918842","error":""},"_links":{"self":[{"href":"https:\/\/www.europesays.com\/ee\/wp-json\/wp\/v2\/posts\/260314","targetHints":{"allow":["GET"]}}],"collection":[{"href":"https:\/\/www.europesays.com\/ee\/wp-json\/wp\/v2\/posts"}],"about":[{"href":"https:\/\/www.europesays.com\/ee\/wp-json\/wp\/v2\/types\/post"}],"author":[{"embeddable":true,"href":"https:\/\/www.europesays.com\/ee\/wp-json\/wp\/v2\/users\/2"}],"replies":[{"embeddable":true,"href":"https:\/\/www.europesays.com\/ee\/wp-json\/wp\/v2\/comments?post=260314"}],"version-history":[{"count":0,"href":"https:\/\/www.europesays.com\/ee\/wp-json\/wp\/v2\/posts\/260314\/revisions"}],"wp:featuredmedia":[{"embeddable":true,"href":"https:\/\/www.europesays.com\/ee\/wp-json\/wp\/v2\/media\/260315"}],"wp:attachment":[{"href":"https:\/\/www.europesays.com\/ee\/wp-json\/wp\/v2\/media?parent=260314"}],"wp:term":[{"taxonomy":"category","embeddable":true,"href":"https:\/\/www.europesays.com\/ee\/wp-json\/wp\/v2\/categories?post=260314"},{"taxonomy":"post_tag","embeddable":true,"href":"https:\/\/www.europesays.com\/ee\/wp-json\/wp\/v2\/tags?post=260314"}],"curies":[{"name":"wp","href":"https:\/\/api.w.org\/{rel}","templated":true}]}}