{"id":260320,"date":"2026-08-25T09:38:16","date_gmt":"2026-08-25T09:38:16","guid":{"rendered":"https:\/\/www.europesays.com\/ee\/260320\/"},"modified":"2026-08-25T09:38:16","modified_gmt":"2026-08-25T09:38:16","slug":"tartu-rock-teises-liigas-ei-osale-tein-voib-olla-aastatega-harjuti-ara-et-kull-tanel-teeb","status":"publish","type":"post","link":"https:\/\/www.europesays.com\/ee\/260320\/","title":{"rendered":"Tartu Rock teises liigas ei osale. Tein: v\u00f5ib-olla aastatega harjuti \u00e4ra, et k\u00fcll Tanel teeb"},"content":{"rendered":"<p>Eesti Korvpalliliidu veebilehelt basket.ee v\u00f5ib silmata, et Rocki 2026\/2027 hooaja nimekirjas pole. Infokildu, et m\u00f6\u00f6dunud hooajal esiliigast aste madalamale kukkunud meeskond algaval aastal ei osale, kinnitasid nii Rocki juhatuse esimees Tanel Tein kui korvpalliliidu liigade juht <a rel=\"noopener nofollow\" target=\"_blank\" href=\"https:\/\/www.delfi.ee\/teema\/96882529\/robert-peterson\" tag-id=\"96882529\">Robert Peterson<\/a>.<\/p>\n<p>\u201eEsindusmeeskonda pole, sest t\u00e4htajad said t\u00e4is,\u201c \u00fctles ta. Tein selgitas, et mitteregistreerumise p\u00f5hjuseks oli ka teise liigasse langemine. Lisaks t\u00f5i ta v\u00e4lja, et nii varasemalt Rocki kui praeguseni Team Kaitsev\u00e4ge juhendav Jaanus Liivak ei soovi kahes eri kohas peatreener olla. <\/p>\n<p><a href=\"https:\/\/sport.delfi.ee\/a\/120605848\/rock-tartu-terminal-teises-liigas-ei-osale-tein-voib-olla-aastatega-harjuti-ara-et-kull-tanel-teeb\/kommentaarid\" class=\"button button--primary button--size-auto article-body-bottom__comment article-body-bottom__comment--write\" style=\"\" rel=\"nofollow noopener\" target=\"_blank\">Kommenteeri<\/a><a href=\"https:\/\/sport.delfi.ee\/a\/120605848\/rock-tartu-terminal-teises-liigas-ei-osale-tein-voib-olla-aastatega-harjuti-ara-et-kull-tanel-teeb\/kommentaarid\" class=\"button button--size-auto article-body-bottom__comment article-body-bottom__comment--read\" style=\"\" rel=\"nofollow noopener\" target=\"_blank\">Loe kommentaare (19)<\/a><\/p>\n","protected":false},"excerpt":{"rendered":"Eesti Korvpalliliidu veebilehelt basket.ee v\u00f5ib silmata, et Rocki 2026\/2027 hooaja nimekirjas pole. Infokildu, et m\u00f6\u00f6dunud hooajal esiliigast aste&hellip;\n","protected":false},"author":2,"featured_media":260321,"comment_status":"","ping_status":"","sticky":false,"template":"","format":"standard","meta":{"footnotes":"","_share_on_mastodon":"0"},"categories":[18],"tags":[37,33,35,34,36,44599,21429,159,158,10598],"class_list":["post-260320","post","type-post","status-publish","format-standard","has-post-thumbnail","category-sport","tag-ee","tag-eesti","tag-eesti-keel","tag-estonia","tag-estonian","tag-robert-peterson","tag-rock-tartu-terminal","tag-sport","tag-sports","tag-tanel-tein"],"share_on_mastodon":{"url":"https:\/\/pubeurope.com\/@ee\/117155483239481063","error":""},"_links":{"self":[{"href":"https:\/\/www.europesays.com\/ee\/wp-json\/wp\/v2\/posts\/260320","targetHints":{"allow":["GET"]}}],"collection":[{"href":"https:\/\/www.europesays.com\/ee\/wp-json\/wp\/v2\/posts"}],"about":[{"href":"https:\/\/www.europesays.com\/ee\/wp-json\/wp\/v2\/types\/post"}],"author":[{"embeddable":true,"href":"https:\/\/www.europesays.com\/ee\/wp-json\/wp\/v2\/users\/2"}],"replies":[{"embeddable":true,"href":"https:\/\/www.europesays.com\/ee\/wp-json\/wp\/v2\/comments?post=260320"}],"version-history":[{"count":0,"href":"https:\/\/www.europesays.com\/ee\/wp-json\/wp\/v2\/posts\/260320\/revisions"}],"wp:featuredmedia":[{"embeddable":true,"href":"https:\/\/www.europesays.com\/ee\/wp-json\/wp\/v2\/media\/260321"}],"wp:attachment":[{"href":"https:\/\/www.europesays.com\/ee\/wp-json\/wp\/v2\/media?parent=260320"}],"wp:term":[{"taxonomy":"category","embeddable":true,"href":"https:\/\/www.europesays.com\/ee\/wp-json\/wp\/v2\/categories?post=260320"},{"taxonomy":"post_tag","embeddable":true,"href":"https:\/\/www.europesays.com\/ee\/wp-json\/wp\/v2\/tags?post=260320"}],"curies":[{"name":"wp","href":"https:\/\/api.w.org\/{rel}","templated":true}]}}