{"id":260348,"date":"2026-08-25T10:04:10","date_gmt":"2026-08-25T10:04:10","guid":{"rendered":"https:\/\/www.europesays.com\/ee\/260348\/"},"modified":"2026-08-25T10:04:10","modified_gmt":"2026-08-25T10:04:10","slug":"etoo-tahab-et-kirgi-kutnud-fifa-plaan-laheks-ikkagi-kaiku-soccernet-ee","status":"publish","type":"post","link":"https:\/\/www.europesays.com\/ee\/260348\/","title":{"rendered":"Eto&#8217;o tahab, et kirgi k\u00fctnud FIFA plaan l\u00e4heks ikkagi k\u00e4iku &#8211; Soccernet.ee"},"content":{"rendered":"<p><img decoding=\"async\" src=\"https:\/\/www.europesays.com\/ee\/wp-content\/uploads\/2026\/08\/1787647141.jpg\" alt=\"Samuel Eto'o toetab Gianni Infantinot. Foto: Scanpix \/ Jalal Morchidi \/ EPA\"\/>&#13;\n<\/p>\n<p>Kameruni jalgpalliliitu juhtiv endine tippr\u00fcndaja Samuel Eto&#8217;o avaldas toetust Gianni Infantino plaanile m\u00fc\u00fca osakesi MM-ist erainvestoritele. Tema hinnangul aitaks see maailma jalgpalli tasakaalustada.<\/p>\n<p>Vahetult p\u00e4rast MM-i tuli FIFA juht Gianni Infantino v\u00e4lja plaaniga kaasata suurturniirile erarahastajaid, kelle toel suurenenuks nii FIFA kui v\u00e4idetavalt selle liikmesriikide rahakott. Koheselt kerkis vastumeelne k\u00e4ra, eriti just UEFA-st, ning plaanile t\u00f5mmati pidurit. Siiski pole surve Infantinole vaibunud ning m\u00f5nelt poolt oodatakse ka tema tagasiastumist.&#13;\n<\/p>\n<p>Avalikult on selgele vastaspoolele istunud aegade v\u00e4gevaima Aafrika m\u00e4ngijana tuntunud Samuel Eto&#8217;o, kes juhib Kameruni jalgpalliliitu. &#8220;Ma ei arva, et president Gianni Infantino oleks eksinud,&#8221; s\u00f5nas ta CNN Sportsile antud intervjuus. &#8220;Ma arvan, et k\u00f5ik see toimub puhtalt ajastusest &#8211; tulemas on valimised, kus Gianni Infantino samuti osaleb.&#8221;&#13;\n<\/p>\n<p>Eto&#8217;o hinnangul oleks plaan eriti kasulik just v\u00e4iksematele v\u00f5i siis tagasihoidlikumate ressurssidega toimetavatele riikidele. FIFA plaan oli kasserida erainvestoritelt 20 miljardit dollarit (eurodes umbes 17), mis t\u00e4hendanuks igale FIFA liikmele esialgu 20-miljonilist \u00fclekannet. Aastatega oleks lisandunud veel 66 miljonit.<\/p>\n<p>&#8220;See ettepanek oleks v\u00e4ga kasulik Aafrika riikidele, sest see annaks meile v\u00f5imaluse pakkuda suurriikidele t\u00f5elist konkurentsi. Olen veendunud, et meie jaoks oleks see projekt olnud suurep\u00e4rane. See oleks tasakaalustanud j\u00f5udude vahekorda ja toetanud, et meie talendid ei kaoks m\u00e4ngima suurtesse koondistesse,&#8221; lisas Eto&#8217;o.&#13;\n<\/p>\n<p>Tema hinnangul on meedias j\u00e4\u00e4nud tervikuna k\u00f5lama moonutatud seisukoht. &#8220;Ma olen kindel, et need h\u00e4\u00e4led ei esinda enamust. Kogu selle meediaruumi on \u00fcle v\u00f5tnud vaid suured koondised,&#8221; hindab Eto&#8217;o, kes kinnitas, et tema administratsioon t\u00f6\u00f6tab projekti j\u00e4tkumise nimel.&#13;\n<\/p>\n<p>Samuel Eto&#8217;o neljakordne Aafrika aasta m\u00e4ngija, neljakordne Meistrite liiga v\u00f5itja ning kokku neljakordne liigav\u00f5itja (Hispaanias ja Itaalias). Tema CV m\u00e4rgilisemaid ridu esindavad Real Madrid, Mallorca, Barcelona, Milano Inter ja Chelsea. Kameruni koondises l\u00f5i ta 118 m\u00e4nguga rekordilised 56 v\u00e4ravat.<\/p>\n","protected":false},"excerpt":{"rendered":"&#13; Kameruni jalgpalliliitu juhtiv endine tippr\u00fcndaja Samuel Eto&#8217;o avaldas toetust Gianni Infantino plaanile m\u00fc\u00fca osakesi MM-ist erainvestoritele. Tema&hellip;\n","protected":false},"author":2,"featured_media":260349,"comment_status":"","ping_status":"","sticky":false,"template":"","format":"standard","meta":{"footnotes":"","_share_on_mastodon":"0"},"categories":[5],"tags":[1114,26,27,37,33,35,34,36,35816,31,32,21,28,29,19,25,23,24,22,20,30],"class_list":["post-260348","post","type-post","status-publish","format-standard","has-post-thumbnail","category-uldised-uudised","tag-aafrika","tag-breaking-news","tag-breakingnews","tag-ee","tag-eesti","tag-eesti-keel","tag-estonia","tag-estonian","tag-eto","tag-featured-news","tag-featurednews","tag-headlines","tag-latest-news","tag-latestnews","tag-news","tag-populaarseimad-lood","tag-top-stories","tag-topstories","tag-uldised-uudised","tag-uudised","tag-viimased-uudised"],"share_on_mastodon":{"url":"https:\/\/pubeurope.com\/@ee\/117155585878901651","error":""},"_links":{"self":[{"href":"https:\/\/www.europesays.com\/ee\/wp-json\/wp\/v2\/posts\/260348","targetHints":{"allow":["GET"]}}],"collection":[{"href":"https:\/\/www.europesays.com\/ee\/wp-json\/wp\/v2\/posts"}],"about":[{"href":"https:\/\/www.europesays.com\/ee\/wp-json\/wp\/v2\/types\/post"}],"author":[{"embeddable":true,"href":"https:\/\/www.europesays.com\/ee\/wp-json\/wp\/v2\/users\/2"}],"replies":[{"embeddable":true,"href":"https:\/\/www.europesays.com\/ee\/wp-json\/wp\/v2\/comments?post=260348"}],"version-history":[{"count":0,"href":"https:\/\/www.europesays.com\/ee\/wp-json\/wp\/v2\/posts\/260348\/revisions"}],"wp:featuredmedia":[{"embeddable":true,"href":"https:\/\/www.europesays.com\/ee\/wp-json\/wp\/v2\/media\/260349"}],"wp:attachment":[{"href":"https:\/\/www.europesays.com\/ee\/wp-json\/wp\/v2\/media?parent=260348"}],"wp:term":[{"taxonomy":"category","embeddable":true,"href":"https:\/\/www.europesays.com\/ee\/wp-json\/wp\/v2\/categories?post=260348"},{"taxonomy":"post_tag","embeddable":true,"href":"https:\/\/www.europesays.com\/ee\/wp-json\/wp\/v2\/tags?post=260348"}],"curies":[{"name":"wp","href":"https:\/\/api.w.org\/{rel}","templated":true}]}}