{"id":260362,"date":"2026-08-25T10:22:13","date_gmt":"2026-08-25T10:22:13","guid":{"rendered":"https:\/\/www.europesays.com\/ee\/260362\/"},"modified":"2026-08-25T10:22:13","modified_gmt":"2026-08-25T10:22:13","slug":"kristalita-koln-tuli-karikasarjas-kaotusseisust-valja-wolfsburg-paases-kolm-korda-katastroofist-soccernet-ee","status":"publish","type":"post","link":"https:\/\/www.europesays.com\/ee\/260362\/","title":{"rendered":"Kristalita K\u00f6ln tuli karikasarjas kaotusseisust v\u00e4lja, Wolfsburg p\u00e4\u00e4ses kolm korda katastroofist &#8211; Soccernet.ee"},"content":{"rendered":"<p><img decoding=\"async\" src=\"https:\/\/www.europesays.com\/ee\/wp-content\/uploads\/2026\/08\/1787601359.jpg\" alt=\"Kui Patrik Kristal peaks K\u00f6lni j\u00e4\u00e4ma, ootab teda ees karikasarja teise ringi kohtumine. Foto: Scanpix \/ Stefan Brauer \/ imago images\"\/>&#13;\n<\/p>\n<p>Eesti koondise poolkaitsja Patrik Kristali koduklubi K\u00f6ln alistas Saksamaa karikasarja avaringis kaotusseisust 2:1 W\u00fcrzburger Kickersi.<\/p>\n<p>Hooaja ettevalmistuse koos K\u00f6lni esindusmeeskonnaga kaasa teinud ja mitu korda kiidus\u00f5nu teeninud Kristal koosseisu ei kuulunud, sest Eesti koondise 18-aastane poolkaitsja v\u00f5ib enne \u00fcleminekuakna sulgumist veel laenule suunduda. Eelmisel hooajal Regionalligas m\u00e4nginud, ent k\u00e4esolevaks hooajaks 3. liigasse t\u00f5usnud Kickers asus 18. minutil karikakohtumist juhtima, aga Isak Johannesson viigistas 62. minutil ja viis 77. minutil teise tabamusega K\u00f6lni teise ringi.&#13;\n<\/p>\n<p>DFB Pokali avaringis on j\u00e4\u00e4nud pidada veel kaks kohtumist, kus v\u00e4ljakule astuvad nii M\u00fcncheni Bayern kui ka Dortmundi Borussia. Saksamaal m\u00e4ngivate eestlaste koduklubid ehk Bremeni Werder (Karl Jakob Hein), Bochum (Karol Mets) ja Berliini Hertha (Soufian Gouram) on edasip\u00e4\u00e4su kindlustanud, vastased saadakse teada septembri algul toimuval loosimisel.&#13;\n<\/p>\n<p>K\u00f5rgliigaklubid on seni l\u00e4binud avaringi kadudeta, suurimad langejad on olnud Heidenheim ja St. Pauli, kes kukkusid k\u00e4esolevaks hooajaks Bundesligast esiliigasse. Heidenheim kaotas koguni 2:5 Regionalligas m\u00e4ngivale Jeddelohile ning Metsa endine t\u00f6\u00f6andja St. Pauli j\u00e4i 0:2 alla kolmandasse liigasse kuuluvale Esseni Rot-Weissile.\u00a0V\u00e4ga l\u00e4hedal oli katastroofile samuti Bundesligast langenud Wolfsburg, kes tuli Regionalligas m\u00e4ngiva VSG Altglienicke vastu normaalajal kaks korda kaotusseisust v\u00e4lja, teisel juhul p\u00e4\u00e4steti endale lisaaeg 83. minutil.<\/p>\n<p>V\u00f5\u00f5rustajad l\u00e4ksid lisaajal uuesti ette, seekord oli Wolfsburgi p\u00e4\u00e4stjaks 117. minutil kevadel sarnaselt Metsale St. Paulist lahkunud Hauke Wahl. Penaltiseerias v\u00e4\u00e4ratas esimesena Wolfsburgi neljas l\u00f6\u00f6ja Fabian Reese ning Sven Sonnenbergil oli v\u00f5imalus Berliini \u00e4\u00e4relinnas paiknev v\u00e4ikeklubi teise ringi viia. N\u00fc\u00fcd t\u00f5usis aga kangelaseks Wolfsburgi 18-aastane v\u00e4ravavaht Jakub Zielinski, kes t\u00f5rjus esmalt Sonnenbergi ning seej\u00e4rel ka kodumeeskonna seitsmenda l\u00f6\u00f6ja Mehmet Ibrahimi penalti.&#13;\n<\/p>\n<blockquote class=\"twitter-tweet\"><p>&#13;<\/p>\n<p lang=\"de\" dir=\"ltr\">Wir ziehen in die 2. Runde des DFB-Pokals ein! \ud83d\udc9a<a href=\"https:\/\/x.com\/hashtag\/VfLWolfsburg?src=hash&amp;ref_src=twsrc%5Etfw\" rel=\"nofollow\">#VfLWolfsburg<\/a> <a href=\"https:\/\/t.co\/QzqaKkCJu2\" rel=\"nofollow\">pic.twitter.com\/QzqaKkCJu2<\/a>&#13;<br \/>\n\u2014 VfL Wolfsburg (@VfL_Wolfsburg) <a href=\"https:\/\/x.com\/VfL_Wolfsburg\/status\/2091965798386454951?ref_src=twsrc%5Etfw\" rel=\"nofollow\">August 24, 2026<\/a><\/p>\n<\/blockquote>\n<p>          <script async src=\"https:\/\/platform.twitter.com\/widgets.js\" charset=\"utf-8\"><\/script><\/p>\n","protected":false},"excerpt":{"rendered":"&#13; Eesti koondise poolkaitsja Patrik Kristali koduklubi K\u00f6ln alistas Saksamaa karikasarja avaringis kaotusseisust 2:1 W\u00fcrzburger Kickersi. Hooaja ettevalmistuse&hellip;\n","protected":false},"author":2,"featured_media":260363,"comment_status":"","ping_status":"","sticky":false,"template":"","format":"standard","meta":{"footnotes":"","_share_on_mastodon":"0"},"categories":[18],"tags":[16304,37,33,35,34,36,1443,1159,7231,921,51,159,158,1712],"class_list":["post-260362","post","type-post","status-publish","format-standard","has-post-thumbnail","category-sport","tag-dfb-pokal","tag-ee","tag-eesti","tag-eesti-keel","tag-estonia","tag-estonian","tag-karikavoistlused","tag-koln","tag-kristal","tag-patrik-kristal","tag-saksamaa","tag-sport","tag-sports","tag-wolfsburg"],"share_on_mastodon":{"url":"https:\/\/pubeurope.com\/@ee\/117155656691990049","error":""},"_links":{"self":[{"href":"https:\/\/www.europesays.com\/ee\/wp-json\/wp\/v2\/posts\/260362","targetHints":{"allow":["GET"]}}],"collection":[{"href":"https:\/\/www.europesays.com\/ee\/wp-json\/wp\/v2\/posts"}],"about":[{"href":"https:\/\/www.europesays.com\/ee\/wp-json\/wp\/v2\/types\/post"}],"author":[{"embeddable":true,"href":"https:\/\/www.europesays.com\/ee\/wp-json\/wp\/v2\/users\/2"}],"replies":[{"embeddable":true,"href":"https:\/\/www.europesays.com\/ee\/wp-json\/wp\/v2\/comments?post=260362"}],"version-history":[{"count":0,"href":"https:\/\/www.europesays.com\/ee\/wp-json\/wp\/v2\/posts\/260362\/revisions"}],"wp:featuredmedia":[{"embeddable":true,"href":"https:\/\/www.europesays.com\/ee\/wp-json\/wp\/v2\/media\/260363"}],"wp:attachment":[{"href":"https:\/\/www.europesays.com\/ee\/wp-json\/wp\/v2\/media?parent=260362"}],"wp:term":[{"taxonomy":"category","embeddable":true,"href":"https:\/\/www.europesays.com\/ee\/wp-json\/wp\/v2\/categories?post=260362"},{"taxonomy":"post_tag","embeddable":true,"href":"https:\/\/www.europesays.com\/ee\/wp-json\/wp\/v2\/tags?post=260362"}],"curies":[{"name":"wp","href":"https:\/\/api.w.org\/{rel}","templated":true}]}}