{"id":260378,"date":"2026-08-25T10:35:11","date_gmt":"2026-08-25T10:35:11","guid":{"rendered":"https:\/\/www.europesays.com\/ee\/260378\/"},"modified":"2026-08-25T10:35:11","modified_gmt":"2026-08-25T10:35:11","slug":"sojapidamise-muutumist-moistnud-taiwan-investeerib-droonitoostusse-ule-viie-miljardi-euro","status":"publish","type":"post","link":"https:\/\/www.europesays.com\/ee\/260378\/","title":{"rendered":"S\u00f5japidamise muutumist m\u00f5istnud Taiwan investeerib droonit\u00f6\u00f6stusse \u00fcle viie miljardi euro"},"content":{"rendered":"<p>Taiwani parlamendiliige kutsus t\u00e4na Taipeis toetama valitsuse 210 miljardi Taiwani dollari (5,65 mld\/\u20ac) suurust erieelarvet, mis v\u00f5imaldaks pika aja jooksul operatsiivselt arendada ja ehitada k\u00f5ikv\u00f5imalikke mehitamata s\u00f5idukeid. Ta t\u00f5i positiivse n\u00e4itena v\u00e4lja <a rel=\"noopener nofollow\" target=\"_blank\" href=\"https:\/\/www.delfi.ee\/teema\/25048531\/ukraina\" tag-id=\"25048531\">Ukraina<\/a>, kus pole piiranguid, mis n\u00f5uaks <a rel=\"noopener nofollow\" target=\"_blank\" href=\"https:\/\/www.delfi.ee\/teema\/96850724\/droon-1\" tag-id=\"96850724\">droonide<\/a> ehitamisel teatud m\u00e4\u00e4ral omatoodangu kasutamist. Taiwani opositsioon peab omatoodangu n\u00f5uet vajalikuks. <\/p>\n<p>Valitsuse kava kohaselt v\u00f5iks mahuka droonihangete erieelarve praegu kinnitada ja hakata seda mitme aasta jooksul j\u00e4rkj\u00e4rgult t\u00e4itma. Opositsioon soovib aga igal aastal kulutuste \u00fcle eraldi arutada ja alles siis otsustada, kui palju droonide jaoks eelarvesse raha planeerida. Taiwani v\u00e4ljaande <a rel=\"dofollow noopener\" target=\"_blank\" href=\"https:\/\/newtalk.tw\/news\/view\/2026-08-25\/1055561\" data-rel-date-range=\"[]\">Newtalk<\/a> teatel peetakse droonihangete eriseaduse \u00fcle erakondadevahelisi l\u00e4bir\u00e4\u00e4kimisi homme. <\/p>\n<p>Demokraatliku Progressipartei parlamendiliikme Chia-pin Chungi hinnangul annaks valitsuse lahendus tootjatele rohkem kindlust. Ta \u00fctles, et iga-aastane menetlus v\u00f5ib viia ettev\u00f5tted kord \u00fcletootmise, kord tootmisliinide seiskumiseni. Samuti kritiseeris ta opositsiooni n\u00f5udeid k\u00f5rgele omatoodangu osakaalule ja katsealade \u00fchtlasele jaotamisele maakondade ja linnade vahel.<\/p>\n<p>Chung m\u00e4rkis, et n\u00fc\u00fcdisaegsed droonid vajavad kiiret arendusts\u00fcklit ja osade kohest k\u00e4ttesaadavust, m\u00e4rkides, et Ukraina s\u00f5jav\u00e4gi on lahinguv\u00e4ljal kasutanud ka \u00fcmber ehitatud kommertsdroone. Tema s\u00f5nul oleks rangete omatoodangu m\u00e4\u00e4rade pealesurumine \u201esuletud uste taga ehitamine ja kala otsimine puu otsast\u201d. <\/p>\n<p>Taixiang Aerospace Industry tegevjuhi kohuset\u00e4itja Lu Yi-hsuan \u00fctles, et mitmeaastane erieelarve on sektori elluj\u00e4\u00e4mise p\u00f5hitingimus, mitte soodustus. Tema s\u00f5nul kulub mehitamata s\u00f5idukite ettev\u00f5tetel lepingu s\u00f5lmimisest stabiilse masstootmiseni v\u00e4hemalt 18\u201324 kuud ning iga aasta uue eelarve suuruse \u00fcle otsustamine raskendaks rahastust, tarneahela investeeringuid, ettev\u00f5tete p\u00fcsimist ja tehniliste t\u00f6\u00f6tajate hoidmist.<\/p>\n<p>Kuidas see lugu Sind end tundma pani?Saada<a href=\"https:\/\/www.delfi.ee\/artikkel\/120605944\/sojapidamise-muutumist-moistnud-taiwan-investeerib-droonitoostusse-ule-viie-miljardi-euro\/kommentaarid\" class=\"button button--primary button--size-auto article-body-bottom__comment article-body-bottom__comment--write\" style=\"\" rel=\"nofollow noopener\" target=\"_blank\">Kommenteeri<\/a><a href=\"https:\/\/www.delfi.ee\/artikkel\/120605944\/sojapidamise-muutumist-moistnud-taiwan-investeerib-droonitoostusse-ule-viie-miljardi-euro\/kommentaarid\" class=\"button button--size-auto article-body-bottom__comment article-body-bottom__comment--read\" style=\"\" rel=\"nofollow noopener\" target=\"_blank\">Loe kommentaare (3)<\/a><\/p>\n","protected":false},"excerpt":{"rendered":"Taiwani parlamendiliige kutsus t\u00e4na Taipeis toetama valitsuse 210 miljardi Taiwani dollari (5,65 mld\/\u20ac) suurust erieelarvet, mis v\u00f5imaldaks pika&hellip;\n","protected":false},"author":2,"featured_media":260379,"comment_status":"","ping_status":"","sticky":false,"template":"","format":"standard","meta":{"footnotes":"","_share_on_mastodon":"0"},"categories":[80],"tags":[26,27,404,6408,101175,101176,37,33,35,34,36,31,32,21,86231,28,29,95,19,25,1174,23,24,262,22,20,30,92,93,94],"class_list":["post-260378","post","type-post","status-publish","format-standard","has-post-thumbnail","category-maailm","tag-breaking-news","tag-breakingnews","tag-droon","tag-droonisoda","tag-droonitehing","tag-droonitootja","tag-ee","tag-eesti","tag-eesti-keel","tag-estonia","tag-estonian","tag-featured-news","tag-featurednews","tag-headlines","tag-hiina-armee","tag-latest-news","tag-latestnews","tag-maailm","tag-news","tag-populaarseimad-lood","tag-taiwan","tag-top-stories","tag-topstories","tag-ukraina","tag-uldised-uudised","tag-uudised","tag-viimased-uudised","tag-world","tag-world-news","tag-worldnews"],"share_on_mastodon":{"url":"https:\/\/pubeurope.com\/@ee\/117155707207428165","error":""},"_links":{"self":[{"href":"https:\/\/www.europesays.com\/ee\/wp-json\/wp\/v2\/posts\/260378","targetHints":{"allow":["GET"]}}],"collection":[{"href":"https:\/\/www.europesays.com\/ee\/wp-json\/wp\/v2\/posts"}],"about":[{"href":"https:\/\/www.europesays.com\/ee\/wp-json\/wp\/v2\/types\/post"}],"author":[{"embeddable":true,"href":"https:\/\/www.europesays.com\/ee\/wp-json\/wp\/v2\/users\/2"}],"replies":[{"embeddable":true,"href":"https:\/\/www.europesays.com\/ee\/wp-json\/wp\/v2\/comments?post=260378"}],"version-history":[{"count":0,"href":"https:\/\/www.europesays.com\/ee\/wp-json\/wp\/v2\/posts\/260378\/revisions"}],"wp:featuredmedia":[{"embeddable":true,"href":"https:\/\/www.europesays.com\/ee\/wp-json\/wp\/v2\/media\/260379"}],"wp:attachment":[{"href":"https:\/\/www.europesays.com\/ee\/wp-json\/wp\/v2\/media?parent=260378"}],"wp:term":[{"taxonomy":"category","embeddable":true,"href":"https:\/\/www.europesays.com\/ee\/wp-json\/wp\/v2\/categories?post=260378"},{"taxonomy":"post_tag","embeddable":true,"href":"https:\/\/www.europesays.com\/ee\/wp-json\/wp\/v2\/tags?post=260378"}],"curies":[{"name":"wp","href":"https:\/\/api.w.org\/{rel}","templated":true}]}}