{"id":260384,"date":"2026-08-25T10:44:07","date_gmt":"2026-08-25T10:44:07","guid":{"rendered":"https:\/\/www.europesays.com\/ee\/260384\/"},"modified":"2026-08-25T10:44:07","modified_gmt":"2026-08-25T10:44:07","slug":"norra-suusataht-kukkus-rattaringil-sormed-lihtsalt-rippusid-kae-kuljes","status":"publish","type":"post","link":"https:\/\/www.europesays.com\/ee\/260384\/","title":{"rendered":"Norra suusat\u00e4ht kukkus rattaringil: s\u00f5rmed lihtsalt rippusid k\u00e4e k\u00fcljes"},"content":{"rendered":"<p>Jenssen r\u00e4\u00e4kis Norra rahvusringh\u00e4lingule NRK, et ta kukkus augusti alguses Surnadalis toimunud treeninglaagris.<\/p>\n<p>\u201eKruusal istudes sain \u00fchel hetkel olukorra t\u00f5sidusest aru ning siis ma vaatasin oma k\u00e4tt. N\u00e4gin, kuidas minu s\u00f5rmed lihtsalt rippusid. Proovisin neid t\u00f5sta, kuid nad kukkusid kohe alla tagasi. M\u00e4rkasin, et midagi on valesti ka minu randmega,\u201c r\u00e4\u00e4kis ta NRK-le.<\/p>\n<p>Jensseni s\u00f5nul vigastas ta kokku k\u00f5lme s\u00f5rme k\u00f5\u00f5luseid. Eelmisel aastal kukkus Jenssen rullsuuskadega s\u00f5ites ning murdis k\u00e4eluu. L\u00f5puks kulgeski hooaeg keeruliselt ning ta j\u00e4i Milano Cortina ol\u00fcmpiam\u00e4ngudelt eemale.<\/p>\n<p>\u201e\u00dctlesin n\u00e4dal aega enne \u00f5nnetust s\u00f5pradele, et j\u00e4rgmise suurema tagasil\u00f6\u00f6gi j\u00e4rel j\u00e4tan tippspordi pooleli. Seega kukkumise p\u00e4eval t\u00f5mbasingi oma karj\u00e4\u00e4rile joone alla,\u201c s\u00f5nas Jenssen, kes muutis enda s\u00f5nul siiski peagi meelt.<\/p>\n<p>Tiitliv\u00f5istlustel on Jenssen saanud seni teha ainult \u00fche stardi. 2025. aasta Tronheimi MM-il j\u00e4i ta suusavahetusega s\u00f5idus esimesena medalita ehk sai neljanda koha.<\/p>\n<p>MK-sarjas on Jenssen teeninud individuaalselt \u00fche ja ka v\u00f5istkondlikult \u00fche etapiv\u00f5idu. Lisaks on ta n\u00e4idanud parimat minekut \u00fchel Tour de Ski j\u00e4lituss\u00f5idu etapil. Individuaalselt on ta MK-sarjas poodiumile kerkinud viiel korral. Poodiumikohad on j\u00e4\u00e4nud vahemikku 2023. aasta novembrist 2025. aasta jaanuarini.<\/p>\n<p>Kuidas see lugu Sind end tundma pani?Saada<a href=\"https:\/\/sport.delfi.ee\/artikkel\/120605942\/norra-suusataht-kukkus-rattaringil-sormed-lihtsalt-rippusid-kae-kuljes\/kommentaarid\" class=\"button button--primary button--size-auto article-body-bottom__comment article-body-bottom__comment--write\" style=\"\" rel=\"nofollow noopener\" target=\"_blank\">Kommenteeri<\/a><a href=\"https:\/\/sport.delfi.ee\/artikkel\/120605942\/norra-suusataht-kukkus-rattaringil-sormed-lihtsalt-rippusid-kae-kuljes\/kommentaarid\" class=\"button button--size-auto article-body-bottom__comment article-body-bottom__comment--read\" style=\"\" rel=\"nofollow noopener\" target=\"_blank\">Loe kommentaare (4)<\/a><\/p>\n","protected":false},"excerpt":{"rendered":"Jenssen r\u00e4\u00e4kis Norra rahvusringh\u00e4lingule NRK, et ta kukkus augusti alguses Surnadalis toimunud treeninglaagris. \u201eKruusal istudes sain \u00fchel hetkel&hellip;\n","protected":false},"author":2,"featured_media":260385,"comment_status":"","ping_status":"","sticky":false,"template":"","format":"standard","meta":{"footnotes":"","_share_on_mastodon":"0"},"categories":[18],"tags":[37,33,35,34,36,3044,1437,159,158],"class_list":["post-260384","post","type-post","status-publish","format-standard","has-post-thumbnail","category-sport","tag-ee","tag-eesti","tag-eesti-keel","tag-estonia","tag-estonian","tag-murdmaasuusatamine","tag-norra","tag-sport","tag-sports"],"share_on_mastodon":{"url":"https:\/\/pubeurope.com\/@ee\/117155742756597976","error":""},"_links":{"self":[{"href":"https:\/\/www.europesays.com\/ee\/wp-json\/wp\/v2\/posts\/260384","targetHints":{"allow":["GET"]}}],"collection":[{"href":"https:\/\/www.europesays.com\/ee\/wp-json\/wp\/v2\/posts"}],"about":[{"href":"https:\/\/www.europesays.com\/ee\/wp-json\/wp\/v2\/types\/post"}],"author":[{"embeddable":true,"href":"https:\/\/www.europesays.com\/ee\/wp-json\/wp\/v2\/users\/2"}],"replies":[{"embeddable":true,"href":"https:\/\/www.europesays.com\/ee\/wp-json\/wp\/v2\/comments?post=260384"}],"version-history":[{"count":0,"href":"https:\/\/www.europesays.com\/ee\/wp-json\/wp\/v2\/posts\/260384\/revisions"}],"wp:featuredmedia":[{"embeddable":true,"href":"https:\/\/www.europesays.com\/ee\/wp-json\/wp\/v2\/media\/260385"}],"wp:attachment":[{"href":"https:\/\/www.europesays.com\/ee\/wp-json\/wp\/v2\/media?parent=260384"}],"wp:term":[{"taxonomy":"category","embeddable":true,"href":"https:\/\/www.europesays.com\/ee\/wp-json\/wp\/v2\/categories?post=260384"},{"taxonomy":"post_tag","embeddable":true,"href":"https:\/\/www.europesays.com\/ee\/wp-json\/wp\/v2\/tags?post=260384"}],"curies":[{"name":"wp","href":"https:\/\/api.w.org\/{rel}","templated":true}]}}