{"id":260412,"date":"2026-08-25T11:10:09","date_gmt":"2026-08-25T11:10:09","guid":{"rendered":"https:\/\/www.europesays.com\/ee\/260412\/"},"modified":"2026-08-25T11:10:09","modified_gmt":"2026-08-25T11:10:09","slug":"draamateater-seiskab-kaaslaste-jookide-sisse-mdma-d-pannud-oliver-reimanni-lavastused-teater","status":"publish","type":"post","link":"https:\/\/www.europesays.com\/ee\/260412\/","title":{"rendered":"Draamateater seiskab kaaslaste jookide sisse MDMA-d pannud Oliver Reimanni lavastused | Teater"},"content":{"rendered":"<p>Teisip\u00e4eva hommikul tegi \u00e4sja lavakunstikooli 32. lennu l\u00f5petanud Oliver Reimann \u00fchismeedias avalduse, kus tunnistas, et on kahel korral pannud kaaslaste jookidesse keelatud aineid. M\u00f5ned tunnid hiljem kirjutas Eesti Ekspress, et Draamateater peatab k\u00f5ik edasised plaanid sel kevadel teatriga liitunud Reimanniga.<\/p>\n<p>Teisip\u00e4eval hommikul tegi Reimann Facebooki postituse, kus kirjutab, et &#8220;m\u00f5ne aasta eest, minu esimesel \u00fclikooliaastal, oli periood, mil tarvitasin keelatud aineid. Motivatsioonikriis, tudengielu liighoogne algus, purunenud armastus ning laialdane tarbimine \u00fcmbritsevatest seltskondades muutsid sellesse maailma sisenemise lihtsaks. Proovimisest sai \u00fcsna kiiresti korduv tarvitamine ning kuigi ma arvasin, et kontrollin olukorda, oli reaalsus teine.&#8221;<\/p>\n<p>&#8220;Kuid kahjuks tegin haiget ka oma l\u00e4hedastele. Segasin lisaks endale kahel korral peodroogi ka s\u00f5bra joogi sisse, ilma, et oleksime selles eelnevalt kokku leppinud,&#8221; m\u00e4rkis Reimann ning lisas, et ei otsi sellele \u00f5igustusi, tegu polnud pahatahtlik, kuid siiski \u00fcdini vale.<\/p>\n<p>Reimann lisas teates ka, et on m\u00f5lema kaaslase ees vabandanud ning kevadel, enne Draamateatriga liitumist, r\u00e4\u00e4kis juhtunust ka teatrijuhtidega, otsinud professionaalset abi, kaotanud t\u00f6\u00f6pakkumisi ning avaldas soovi p\u00e4rast vigade tunnistamist muutuda.<\/p>\n<p>ERR p\u00f6\u00f6rdus teisip\u00e4eva hommikul kommentaariks ka Eesti Draamateatri kommunikatsioonijuhi ja Eesti Muusika- ja Teatriakadeemia lavakunsti osakonna juhataja Mart Kolditsa poole. Kumbki ei olnud artikli ilmumise ajaks vastust andnud.<\/p>\n<p>M\u00f5ned tunnid hiljem avaldas <a href=\"https:\/\/ekspress.delfi.ee\/artikkel\/120605549\/draamateatri-lavastaja-pani-kahe-naitleja-joogi-sisse-salaja-mdmad-koik-raagivad-juhtunust-labi-oma-pilgu\" target=\"_blank\" rel=\"noopener nofollow\">Eesti Ekspress<\/a> Eero Epneri loo, mis s\u00fcndmust lahkab. Epneri loost selgub, et Reimanni ohvrid olid kursusekaaslane Robi Varul ning lavakunstikooli 31. lennu l\u00f5petanud ning 2024. aastal Draamateatriga liitunud Richard Ester. Reimann pani m\u00f5lema jookidesse ilma eelneva kokkuleppeta ja ilma teise poole n\u00f5usolekuta peodroogi MDMA.<\/p>\n<p>Peale Robi Varuli joogi m\u00fcrgitamist j\u00f5udis info ka koolini, Mart Koldits vestles nii Reimanni kui ka Varuliga ning Reimannil lubati koolis j\u00e4tkata tingimusel, et midagi sarnast enam ei juhtu ning ka Varul ei n\u00f5udnud Reimanni v\u00e4lja viskamist.<\/p>\n<p>Kui hakkasid levima jutud teisest korras pidas Koldits neid liialt spekulatiivseteks, kuni Varul talle sel suvel meedia huvi j\u00e4rel tunnistas, et \u00fcks intsident (Richard Esteriga) on veel juhtunud. Koolijuht soovitas Reimannil s\u00f5ltuvuse vastu abi otsida ning ajakirjanduses k\u00f5ik ausalt \u00e4ra r\u00e4\u00e4kida, nimetades seda Reimanni ainsaks lootuseks.<\/p>\n<p>Koldits ei n\u00f5ustu v\u00e4idetega, justkui oleks oleks lavakunstikool juhtunut kinni m\u00e4tsinud, sest r\u00e4\u00e4gitud sai nii s\u00fc\u00fcdlase, ohvri, kursuse, kursuse tuumik\u00f5petajate kui ka l\u00f5puks Oliveri tulevase t\u00f6\u00f6andjaga.<\/p>\n<p>Tulevane t\u00f6\u00f6andja oli Eesti Draamateater, kes teatas t\u00e4navu maikuus, et Reimann nendega liitub. Kui info Hendrik Toompereni jr-ni j\u00f5udis, vestles ta p\u00e4rast arutelu Mart Kolditsaga ka Oliver Reimanniga ning teatri kunstilisele juhile tundus, et kuna Reimann ennast ei \u00f5igusta ja kahetseb siiralt, v\u00f5ib esialgu alustatud t\u00f6\u00f6dega j\u00e4tkata, sest k\u00f5ik juhtus juba ammu ja\u00a0lavakunstikoolist kinnitati, et olukorda on lahendatud.<\/p>\n<p>M\u00f5ned n\u00e4dalad hiljem sai ka Toompere teada Richard Esteri juhtumist ja kuigi poiste suhtlus omavahel pealtn\u00e4ha sujus, tundus Toomperele, et asi saab korda, kuid tunnistab tagantj\u00e4rele naiivsust. Kui lepitust ei saabunud, andis Richard Ester teada, et p\u00f6\u00f6rdub koos Varuliga meedia poole.<\/p>\n<p>M\u00f6\u00f6dunud n\u00e4dalal toimunud koosolekul andis Toompere Reimannile teada, et tema uut lavastust, 5. detsembril esietenduma pidanud &#8220;Samueli v\u00f5lupadi&#8221;, ei tule ning k\u00f5ik edasised plaanid on peatatud. Kas Reimann j\u00e4\u00e4b siiski Eesti Draamateatri palgale, on hetkel ebaselge.<\/p>\n<p>Oliver Reimann on ERR- is teinud kaast\u00f6\u00f6d erinevatele saadetele, peamiselt &#8220;Ringvaatele&#8221;. T\u00e4na Ekspressis avaldatust on ta ise &#8220;Ringvaate&#8221; toimetusele ning kolleegidele r\u00e4\u00e4kinud ja vabandanud.<\/p>\n<p>&#8220;Tema tegu on loomulikult lubamatu ning seda oleme talle nii ka \u00f6elnud. Samas on meie jaoks oluline, et ta on oma eksimust m\u00f5istnud ja nagu artiklistki lugeda v\u00f5is, astunud konkreetseid samme probleemidega tegelemise teel,&#8221; \u00fctles elamussaadete toimetuse juht Karmel Killandi. \u00dchtegi pooleliolevat projekti tal ETV-s, sealhulgas &#8220;Ringvaates&#8221;, ei ole.<\/p>\n","protected":false},"excerpt":{"rendered":"Teisip\u00e4eva hommikul tegi \u00e4sja lavakunstikooli 32. lennu l\u00f5petanud Oliver Reimann \u00fchismeedias avalduse, kus tunnistas, et on kahel korral&hellip;\n","protected":false},"author":2,"featured_media":260413,"comment_status":"","ping_status":"","sticky":false,"template":"","format":"standard","meta":{"footnotes":"","_share_on_mastodon":"0"},"categories":[5],"tags":[26,27,186,37,33,1367,35,34,36,31,32,21,28,29,101177,19,29178,25,101178,28785,23,24,22,20,30],"class_list":["post-260412","post","type-post","status-publish","format-standard","has-post-thumbnail","category-uldised-uudised","tag-breaking-news","tag-breakingnews","tag-draamateater","tag-ee","tag-eesti","tag-eesti-draamateater","tag-eesti-keel","tag-estonia","tag-estonian","tag-featured-news","tag-featurednews","tag-headlines","tag-latest-news","tag-latestnews","tag-mdma","tag-news","tag-oliver-reimann","tag-populaarseimad-lood","tag-richard-ester","tag-robi-varul","tag-top-stories","tag-topstories","tag-uldised-uudised","tag-uudised","tag-viimased-uudised"],"share_on_mastodon":{"url":"https:\/\/pubeurope.com\/@ee\/117155844967500577","error":""},"_links":{"self":[{"href":"https:\/\/www.europesays.com\/ee\/wp-json\/wp\/v2\/posts\/260412","targetHints":{"allow":["GET"]}}],"collection":[{"href":"https:\/\/www.europesays.com\/ee\/wp-json\/wp\/v2\/posts"}],"about":[{"href":"https:\/\/www.europesays.com\/ee\/wp-json\/wp\/v2\/types\/post"}],"author":[{"embeddable":true,"href":"https:\/\/www.europesays.com\/ee\/wp-json\/wp\/v2\/users\/2"}],"replies":[{"embeddable":true,"href":"https:\/\/www.europesays.com\/ee\/wp-json\/wp\/v2\/comments?post=260412"}],"version-history":[{"count":0,"href":"https:\/\/www.europesays.com\/ee\/wp-json\/wp\/v2\/posts\/260412\/revisions"}],"wp:featuredmedia":[{"embeddable":true,"href":"https:\/\/www.europesays.com\/ee\/wp-json\/wp\/v2\/media\/260413"}],"wp:attachment":[{"href":"https:\/\/www.europesays.com\/ee\/wp-json\/wp\/v2\/media?parent=260412"}],"wp:term":[{"taxonomy":"category","embeddable":true,"href":"https:\/\/www.europesays.com\/ee\/wp-json\/wp\/v2\/categories?post=260412"},{"taxonomy":"post_tag","embeddable":true,"href":"https:\/\/www.europesays.com\/ee\/wp-json\/wp\/v2\/tags?post=260412"}],"curies":[{"name":"wp","href":"https:\/\/api.w.org\/{rel}","templated":true}]}}