{"id":260416,"date":"2026-08-25T11:18:24","date_gmt":"2026-08-25T11:18:24","guid":{"rendered":"https:\/\/www.europesays.com\/ee\/260416\/"},"modified":"2026-08-25T11:18:24","modified_gmt":"2026-08-25T11:18:24","slug":"seb-majandusprognoos-eesti-majandus-kasvab-kuid-inimeste-kindlustunne-jaab-norgaks","status":"publish","type":"post","link":"https:\/\/www.europesays.com\/ee\/260416\/","title":{"rendered":"SEB majandusprognoos: Eesti majandus kasvab, kuid inimeste kindlustunne j\u00e4\u00e4b n\u00f5rgaks"},"content":{"rendered":"<p>Eesti majandust on aastaid saatnud vastuolu: palgad t\u00f5usid, k\u00e4ibed kasvasid, ent majanduse seisu kajastavad SKT andmed olid \u00e4\u00e4rmiselt nigelad.<\/p>\n<p>Statistikaameti hiljuti avaldatud revisjon v\u00e4hendab seda vastuolu, kinnitades, et Eesti majandusel on juba m\u00f5nda aega l\u00e4inud paremini, kui v\u00f5is j\u00e4reldada senistest SKT n\u00e4itajatest.<\/p>\n<p>Inimesed ei usu helgesse tulevikku<\/p>\n<p>Kahjuks ei peegeldu kiirem majanduskasv selles, mida inimesed majanduse kohta arvavad. Tarbijate kindlustunne on endiselt v\u00e4ga madal.<\/p>\n<p>P\u00f5hjuseid, miks helgesse tulevikku ei usuta, on ilmselt palju. Geopoliitilised pinged, suured k\u00f5ikumised tooraine hindades, valusad m\u00e4lestused maksut\u00f5usudest ja inflatsioonist ning palju muud. \u00dcks aspekt, millest siiani pole r\u00e4\u00e4gitud, on aga lihtne t\u00f5siasi, et eestlased on lihtsalt harjunud kiirema kasvuga, kui praegune majandus anda suudab.<\/p>\n<p>Aastatel 2010\u20132019 kasvas Eesti SKT aastas keskmiselt pea nelja protsendi jagu. Need ajad on l\u00e4bi ega naase ilmselt enam kunagi.<\/p>\n<p>Eesti majandus on j\u00f5udnud k\u00fcpsesse faasi, mil ka 2,5-protsendine majanduskasv, mida ennustame 2026. aastaks, on tugev tulemus. SEB prognoosi j\u00e4rgi kujunevad ka 2027. ja 2028. aasta Eesti jaoks majanduslikult edukaks, kui SKT kasv k\u00fc\u00fcndib vastavalt 2,7 ja 2,8 protsendini. Kahjuks ei ole see ilmselt aga piisav, et inimeste tuju m\u00e4rgatavalt t\u00f5sta.<\/p>\n<p>Majanduskasvu on kiirendanud tarbimine<\/p>\n<p>Selle aasta majanduskasvu on j\u00f5udsalt panustanud tarbimine. \u00dcks peamisi p\u00f5hjuseid oli uuest aastast kehtima hakanud \u00fchtlustatud tulumaksuvaba miinimum, mis t\u00f5stis m\u00e4rkimisv\u00e4\u00e4rselt k\u00f5rgemapalgaliste inimeste reaalsissetulekut.<\/p>\n","protected":false},"excerpt":{"rendered":"Eesti majandust on aastaid saatnud vastuolu: palgad t\u00f5usid, k\u00e4ibed kasvasid, ent majanduse seisu kajastavad SKT andmed olid \u00e4\u00e4rmiselt&hellip;\n","protected":false},"author":2,"featured_media":260417,"comment_status":"","ping_status":"","sticky":false,"template":"","format":"standard","meta":{"footnotes":"","_share_on_mastodon":"0"},"categories":[14],"tags":[131,130,37,33,35,2759,34,36,2675,6691,2709],"class_list":["post-260416","post","type-post","status-publish","format-standard","has-post-thumbnail","category-ari","tag-ari","tag-business","tag-ee","tag-eesti","tag-eesti-keel","tag-eesti-majandus","tag-estonia","tag-estonian","tag-majandusprognoos","tag-mihkel-nestor","tag-seb"],"share_on_mastodon":{"url":"https:\/\/pubeurope.com\/@ee\/117155876517856483","error":""},"_links":{"self":[{"href":"https:\/\/www.europesays.com\/ee\/wp-json\/wp\/v2\/posts\/260416","targetHints":{"allow":["GET"]}}],"collection":[{"href":"https:\/\/www.europesays.com\/ee\/wp-json\/wp\/v2\/posts"}],"about":[{"href":"https:\/\/www.europesays.com\/ee\/wp-json\/wp\/v2\/types\/post"}],"author":[{"embeddable":true,"href":"https:\/\/www.europesays.com\/ee\/wp-json\/wp\/v2\/users\/2"}],"replies":[{"embeddable":true,"href":"https:\/\/www.europesays.com\/ee\/wp-json\/wp\/v2\/comments?post=260416"}],"version-history":[{"count":0,"href":"https:\/\/www.europesays.com\/ee\/wp-json\/wp\/v2\/posts\/260416\/revisions"}],"wp:featuredmedia":[{"embeddable":true,"href":"https:\/\/www.europesays.com\/ee\/wp-json\/wp\/v2\/media\/260417"}],"wp:attachment":[{"href":"https:\/\/www.europesays.com\/ee\/wp-json\/wp\/v2\/media?parent=260416"}],"wp:term":[{"taxonomy":"category","embeddable":true,"href":"https:\/\/www.europesays.com\/ee\/wp-json\/wp\/v2\/categories?post=260416"},{"taxonomy":"post_tag","embeddable":true,"href":"https:\/\/www.europesays.com\/ee\/wp-json\/wp\/v2\/tags?post=260416"}],"curies":[{"name":"wp","href":"https:\/\/api.w.org\/{rel}","templated":true}]}}