{"id":260476,"date":"2026-08-25T12:23:12","date_gmt":"2026-08-25T12:23:12","guid":{"rendered":"https:\/\/www.europesays.com\/ee\/260476\/"},"modified":"2026-08-25T12:23:12","modified_gmt":"2026-08-25T12:23:12","slug":"ajakava-%e2%9f%a9-paraguay-ralli-virves-jahib-hooaja-viiendat-voitu","status":"publish","type":"post","link":"https:\/\/www.europesays.com\/ee\/260476\/","title":{"rendered":"AJAKAVA \u27e9 Paraguay ralli: Virves jahib hooaja viiendat v\u00f5itu"},"content":{"rendered":"<p class=\"MsoNormal\">Virvese ja J\u00fcrgensoni t\u00f5sised konkurendid on kindlasti ka hispaanlane Alejandro Cach\u00f3n, Gus Greensmith ja ka Yuki Yamamoto (k\u00f5ik s\u00f5idavad Toyotaga), lisaks Bolivia rallimees Marco Bulacia (\u0160koda). Virvese tiimikaaslane on esimest korda austraallane Gill Taylor, kes eelmisel aastal j\u00e4i juunioride WRC-sarjas napilt teiseks, kuid on t\u00e4navu toetajate abiga l\u00f6\u00f6nud kaasa kolmel MM-etapil, parimaks on j\u00e4\u00e4nud Rootsi ralli 4. koht.<\/p>\n<p class=\"MsoNormal\">WRC-hooajal on kavas 14 etappi, Paraguay t\u00e4histab 11. osav\u00f5istlust. MM-etapi v\u00f5istluskeskus asub Encarnaci\u00f3ni linnas ning ees ootavad kiired kruusateed. P\u00e4rast seda j\u00e4\u00e4vad s\u00f5ita veel T\u0161iili, Sardiinia ja Saudi Araabia etapid.<\/p>\n<p class=\"MsoNormal\">Toyota rallimeeskond on andnud m\u00f5ista, et p\u00e4rast Paraguay rallit annavad nad teada oma 2027. aasta plaanidest. Autofirma \u00fcks juhtidest Akio Toyoda peaks L\u00f5una-Ameerika etapil kohapeal viibima.<\/p>\n<p>AJAKAVA<\/p>\n<p>Neljap\u00e4ev, 27. august<\/p>\n<p>17.01 Testikatse Carmen del Parana 5,6 km<\/p>\n<p>Reede, 28. august<\/p>\n<p>15.03 SS1 Cambyreta 1 24,65 km<\/p>\n<p>15.56 SS2 Nueva Alborada 1 15,66 km<\/p>\n<p>16.49 SS3 Yerbateras 1 34,08 km<\/p>\n<p>17.50 SS4 Autodromo 1 2,5 km<\/p>\n<p>20.19 SS5 Cambyreta 2 24,65 km<\/p>\n<p>21.12 SS6 Nueva Alborada 2 15,66 km<\/p>\n<p>22.05 SS7 Yerbateras 2 34,08 km<\/p>\n<p>23.18 SS8 Autodromo 2 2,5 km<\/p>\n<p>Laup\u00e4ev, 29. august 2026<\/p>\n<p>14.19 SS9 Bella Vista 1 21,15 km<\/p>\n<p>15.12 SS10 Bella Vista Sur 1 10,95 km<\/p>\n<p>16.05 SS11 Hohenau 1 19,4 km<\/p>\n<p>17.02 SS12 Trinidad 1 14,82 km<\/p>\n<p>20.16 SS13 Bella Vista 2 21,15 km<\/p>\n<p>21.09 SS14 Bella Vista Sur 2 10,95 km<\/p>\n<p>22.05 SS15 Hohenau 2 19,4 km<\/p>\n<p>23.02 SS16 Trinidad 2 14,82 km<\/p>\n<p>00.05 SS17 Encarnaci\u00f3n Costanera 3,1 km<\/p>\n<p>P\u00fchap\u00e4ev, 30. august 2026<\/p>\n<p>13.05 SS18 Encarnaci\u00f3n 1 10,21 km<\/p>\n<p>14.38 SS19 Artigas 1 19,63 km<\/p>\n<p>16.51 SS20 Artigas Oeste 8,44 km<\/p>\n<p>17.43 SS21 Artigas 2 19,63 km<\/p>\n<p>20.15 SS22 Punktikatse Encarnaci\u00f3n 2 10,21 km<\/p>\n","protected":false},"excerpt":{"rendered":"Virvese ja J\u00fcrgensoni t\u00f5sised konkurendid on kindlasti ka hispaanlane Alejandro Cach\u00f3n, Gus Greensmith ja ka Yuki Yamamoto (k\u00f5ik&hellip;\n","protected":false},"author":2,"featured_media":260477,"comment_status":"","ping_status":"","sticky":false,"template":"","format":"standard","meta":{"footnotes":"","_share_on_mastodon":"0"},"categories":[18],"tags":[27827,3503,37,33,35,3307,101196,34,36,2576,3017,9018,96671,3016,3015,6863,3014,159,158,2683,9717],"class_list":["post-260476","post","type-post","status-publish","format-standard","has-post-thumbnail","category-sport","tag-akio-toyoda","tag-autoralli-mm-sari","tag-ee","tag-eesti","tag-eesti-keel","tag-elfyn-evans","tag-encarnacion","tag-estonia","tag-estonian","tag-hyundai-motorsport","tag-jakko-viilo","tag-m-sport-ford","tag-paraguay-ralli","tag-robert-virves","tag-romet-jurgenson","tag-sami-pajari","tag-siim-oja","tag-sport","tag-sports","tag-takamoto-katsuta","tag-toyota-gazoo-racing"],"share_on_mastodon":{"url":"https:\/\/pubeurope.com\/@ee\/117156132105385039","error":""},"_links":{"self":[{"href":"https:\/\/www.europesays.com\/ee\/wp-json\/wp\/v2\/posts\/260476","targetHints":{"allow":["GET"]}}],"collection":[{"href":"https:\/\/www.europesays.com\/ee\/wp-json\/wp\/v2\/posts"}],"about":[{"href":"https:\/\/www.europesays.com\/ee\/wp-json\/wp\/v2\/types\/post"}],"author":[{"embeddable":true,"href":"https:\/\/www.europesays.com\/ee\/wp-json\/wp\/v2\/users\/2"}],"replies":[{"embeddable":true,"href":"https:\/\/www.europesays.com\/ee\/wp-json\/wp\/v2\/comments?post=260476"}],"version-history":[{"count":0,"href":"https:\/\/www.europesays.com\/ee\/wp-json\/wp\/v2\/posts\/260476\/revisions"}],"wp:featuredmedia":[{"embeddable":true,"href":"https:\/\/www.europesays.com\/ee\/wp-json\/wp\/v2\/media\/260477"}],"wp:attachment":[{"href":"https:\/\/www.europesays.com\/ee\/wp-json\/wp\/v2\/media?parent=260476"}],"wp:term":[{"taxonomy":"category","embeddable":true,"href":"https:\/\/www.europesays.com\/ee\/wp-json\/wp\/v2\/categories?post=260476"},{"taxonomy":"post_tag","embeddable":true,"href":"https:\/\/www.europesays.com\/ee\/wp-json\/wp\/v2\/tags?post=260476"}],"curies":[{"name":"wp","href":"https:\/\/api.w.org\/{rel}","templated":true}]}}