{"id":260504,"date":"2026-08-25T12:56:12","date_gmt":"2026-08-25T12:56:12","guid":{"rendered":"https:\/\/www.europesays.com\/ee\/260504\/"},"modified":"2026-08-25T12:56:12","modified_gmt":"2026-08-25T12:56:12","slug":"vanemuine-ja-lati-rahvusooper-vahetavad-sel-nadalal-kulalisetendusteks-majad-teater","status":"publish","type":"post","link":"https:\/\/www.europesays.com\/ee\/260504\/","title":{"rendered":"Vanemuine ja L\u00e4ti Rahvusooper vahetavad sel n\u00e4dalal k\u00fclalisetendusteks majad | Teater"},"content":{"rendered":"<p>Teisip\u00e4eval algab rahvusteatri Vanemuine ning L\u00e4ti Rahvusooperi- ja balleti k\u00fclalisetenduste vahetus Tartus ja Riias.<\/p>\n<p>Teisip\u00e4eval ja kolmap\u00e4eval saab Vanemuise suure maja laval n\u00e4ha ooperi -ja balleti kaht k\u00fclalisetendust. Teisip\u00e4eval, 25. augustil etendub Gaetano Donizetti ooper\u00a0&#8220;Armujook&#8221;, mis j\u00f5udis L\u00e4ti Rahvusooperis publikuni austria lavastaja Sven-Eric Bechtolfi k\u00e4e all. Lavastuse muusikajuht on L\u00e4ti Rahvusooperi peadirigent M\u0101rti\u0146\u0161 Ozoli\u0146\u0161.<\/p>\n<p>Kolmap\u00e4eval, 26. augustil j\u00f5uab viimseni t\u00e4is saali ette Carl Orffi ballett\u00a0&#8220;Carmina Burana&#8221;, mille koreograaf on Edward Clug, kelle l\u00fchiballett &#8220;Kevadp\u00fchitsus&#8221; esietendus t\u00e4navu kevadel Vanemuise teatris. Lavastus \u00fchendab L\u00e4ti Rahvusballeti, L\u00e4ti Rahvusooperi orkestri ja koori ning ooperisolistid.<\/p>\n<p>Riias astub Vanemuine L\u00e4ti publiku ette kolme \u017eanriga: L\u00e4ti ringreis saab alguse 27. augustil, kui Dailes teatri laval m\u00e4ngime draamalavastust\u00a0&#8220;L\u00f5pp&#8221;. 28. augustil j\u00f5uab L\u00e4ti Rahvusooperi lavale Petr Zuska tantsu-, muusika- ja s\u00f5nateatri lavastus\u00a0&#8220;Palve. Kummardus Arvo P\u00e4rdile&#8221;, mis on inspireeritud helilooja Arvo P\u00e4rdi muusikast. 29. augustil on publiku ees Georg Friedrich H\u00e4ndeli barokkooperiga\u00a0&#8220;Julius Caesar&#8221;, mille lavastas Elmo N\u00fcganen.<\/p>\n<p>Teatrijuhi Aivar M\u00e4e s\u00f5nul on koost\u00f6\u00f6 t\u00f5eline kultuurisild Eesti ja L\u00e4ti vahel. &#8220;Ei tasu oodata, et maailm ise k\u00fclla tuleks, vaid tuleb ka ise teele asuda. Vanemuine peab olema liikumises! Sellel sillal k\u00e4ib liiklus m\u00f5lemas suunas,&#8221; s\u00f5nas ta.<\/p>\n","protected":false},"excerpt":{"rendered":"Teisip\u00e4eval algab rahvusteatri Vanemuine ning L\u00e4ti Rahvusooperi- ja balleti k\u00fclalisetenduste vahetus Tartus ja Riias. Teisip\u00e4eval ja kolmap\u00e4eval saab&hellip;\n","protected":false},"author":2,"featured_media":260505,"comment_status":"","ping_status":"","sticky":false,"template":"","format":"standard","meta":{"footnotes":"","_share_on_mastodon":"0"},"categories":[16],"tags":[37,33,35,173,34,36,43184,140,197],"class_list":["post-260504","post","type-post","status-publish","format-standard","has-post-thumbnail","category-meelelahutus","tag-ee","tag-eesti","tag-eesti-keel","tag-entertainment","tag-estonia","tag-estonian","tag-lati-rahvusooper","tag-meelelahutus","tag-vanemuine"],"share_on_mastodon":{"url":"https:\/\/pubeurope.com\/@ee\/117156261913661209","error":""},"_links":{"self":[{"href":"https:\/\/www.europesays.com\/ee\/wp-json\/wp\/v2\/posts\/260504","targetHints":{"allow":["GET"]}}],"collection":[{"href":"https:\/\/www.europesays.com\/ee\/wp-json\/wp\/v2\/posts"}],"about":[{"href":"https:\/\/www.europesays.com\/ee\/wp-json\/wp\/v2\/types\/post"}],"author":[{"embeddable":true,"href":"https:\/\/www.europesays.com\/ee\/wp-json\/wp\/v2\/users\/2"}],"replies":[{"embeddable":true,"href":"https:\/\/www.europesays.com\/ee\/wp-json\/wp\/v2\/comments?post=260504"}],"version-history":[{"count":0,"href":"https:\/\/www.europesays.com\/ee\/wp-json\/wp\/v2\/posts\/260504\/revisions"}],"wp:featuredmedia":[{"embeddable":true,"href":"https:\/\/www.europesays.com\/ee\/wp-json\/wp\/v2\/media\/260505"}],"wp:attachment":[{"href":"https:\/\/www.europesays.com\/ee\/wp-json\/wp\/v2\/media?parent=260504"}],"wp:term":[{"taxonomy":"category","embeddable":true,"href":"https:\/\/www.europesays.com\/ee\/wp-json\/wp\/v2\/categories?post=260504"},{"taxonomy":"post_tag","embeddable":true,"href":"https:\/\/www.europesays.com\/ee\/wp-json\/wp\/v2\/tags?post=260504"}],"curies":[{"name":"wp","href":"https:\/\/api.w.org\/{rel}","templated":true}]}}