{"id":260518,"date":"2026-08-25T13:08:11","date_gmt":"2026-08-25T13:08:11","guid":{"rendered":"https:\/\/www.europesays.com\/ee\/260518\/"},"modified":"2026-08-25T13:08:11","modified_gmt":"2026-08-25T13:08:11","slug":"tiitliheitlusesse-kerkinud-pajari-hiljutised-tulemused-meie-lahenemist-ei-muuda-autoralli","status":"publish","type":"post","link":"https:\/\/www.europesays.com\/ee\/260518\/","title":{"rendered":"Tiitliheitlusesse kerkinud Pajari: hiljutised tulemused meie l\u00e4henemist ei muuda | Autoralli"},"content":{"rendered":"<p>Toyota s\u00f5itja Sami Pajari on viimase kahe etapiga t\u00f5usnud autoralli maailmameistriv\u00f5istluste tiitliheitluse keskmesse. Pajari saavutas Eestis oma esimese WRC-klassi v\u00f5idu ning sellele j\u00e4rgnes kohe teine \u200b\u200btriumf koduteedel Soome rallil.<\/p>\n<p>P\u00e4rast kaht j\u00e4rjestikust v\u00f5itu on Pajari saanud veidi hinge t\u00f5mmata ja oma saavutusi nautida, enne kui algab hooaja otsustav l\u00f5pusirge.<\/p>\n<p>&#8220;P\u00e4rast Soome rallit on olnud tore v\u00f5tta aega, et t\u00f5eliselt nautida ja hinnata viimasel ajal saavutatut, enne kui keskendume taas eelseisvatele L\u00f5una-Ameerika rallidele,&#8221; s\u00f5nas Pajari.<\/p>\n<p>Paraguay lisandus WRC kalendrisse alles eelmisel aastal, mist\u00f5ttu on see v\u00f5istlus k\u00f5igi tipps\u00f5itjate jaoks veel \u00fcsna uus ja tundmatu. Mullu saavutas Pajari seal kuuenda koha.<\/p>\n<p>Eriti eredalt j\u00e4i soomlasele esimesest Paraguay visiidist meelde kohalike rallif\u00e4nnide entusiasm. Samuti meeldisid Pajarile rallikatsed ise.<\/p>\n<p>&#8220;Oli suurep\u00e4rane k\u00e4ia eelmisel aastal esimest korda Paraguays ja n\u00e4ha sealsete f\u00e4nnide entusiasmi. See on s\u00f5itmiseks v\u00e4ga m\u00f5nus ralli \u2013 seal on t\u00f5eliselt kiireid teid ja suuri h\u00fcppeid, mida ma alati naudin,&#8221; s\u00f5nas Pajari.<\/p>\n<p>Paraguay kruusateedel on siiski ka teine \u200b\u200bpool. Lisaks kiiretele l\u00f5ikudele leidub rajal ka tehnilisemaid ja k\u00e4\u00e4nulisemaid osi. V\u00f5istlus v\u00f5ib muutuda eriti keeruliseks, kui L\u00f5una-Ameerikas peaks sadama hakkama.<\/p>\n<p>T\u00e4nu kahele v\u00f5idule on Pajari t\u00f5usnud autoralli maailmameistriv\u00f5istluste \u00fcldarvestuses teisele kohale. Neli etappi enne hooaja l\u00f5ppu j\u00e4\u00e4b ta liidrist, oma meeskonnakaaslasest Elfyn Evansist, maha 30 punktiga.<\/p>\n<p>Hiljutine edu soomlase s\u00f5nul tema suhtumist siiski ei muuda. Pajari kavatseb j\u00e4tkata sama strateegiaga, mis on toonud edu kahel eelmisel rallil.<\/p>\n<p>&#8220;Hiljutised tulemused ei muuda meie l\u00e4henemist sellele v\u00f5istlusele. Peame lihtsalt j\u00e4tkama parima v\u00f5imaliku t\u00f6\u00f6 tegemist ja loodetavasti suudame ka edaspidi h\u00e4id tulemusi saavutada.&#8221;<\/p>\n<p>Paraguay ralli, mis m\u00e4rgib \u00fchtlasi hooaja 11. etappi, toimub 27.\u201330. augustil.\u00a0<\/p>\n","protected":false},"excerpt":{"rendered":"Toyota s\u00f5itja Sami Pajari on viimase kahe etapiga t\u00f5usnud autoralli maailmameistriv\u00f5istluste tiitliheitluse keskmesse. Pajari saavutas Eestis oma esimese&hellip;\n","protected":false},"author":2,"featured_media":260519,"comment_status":"","ping_status":"","sticky":false,"template":"","format":"standard","meta":{"footnotes":"","_share_on_mastodon":"0"},"categories":[18],"tags":[37,33,35,34,36,6863,159,158],"class_list":["post-260518","post","type-post","status-publish","format-standard","has-post-thumbnail","category-sport","tag-ee","tag-eesti","tag-eesti-keel","tag-estonia","tag-estonian","tag-sami-pajari","tag-sport","tag-sports"],"share_on_mastodon":{"url":"https:\/\/pubeurope.com\/@ee\/117156309205762071","error":""},"_links":{"self":[{"href":"https:\/\/www.europesays.com\/ee\/wp-json\/wp\/v2\/posts\/260518","targetHints":{"allow":["GET"]}}],"collection":[{"href":"https:\/\/www.europesays.com\/ee\/wp-json\/wp\/v2\/posts"}],"about":[{"href":"https:\/\/www.europesays.com\/ee\/wp-json\/wp\/v2\/types\/post"}],"author":[{"embeddable":true,"href":"https:\/\/www.europesays.com\/ee\/wp-json\/wp\/v2\/users\/2"}],"replies":[{"embeddable":true,"href":"https:\/\/www.europesays.com\/ee\/wp-json\/wp\/v2\/comments?post=260518"}],"version-history":[{"count":0,"href":"https:\/\/www.europesays.com\/ee\/wp-json\/wp\/v2\/posts\/260518\/revisions"}],"wp:featuredmedia":[{"embeddable":true,"href":"https:\/\/www.europesays.com\/ee\/wp-json\/wp\/v2\/media\/260519"}],"wp:attachment":[{"href":"https:\/\/www.europesays.com\/ee\/wp-json\/wp\/v2\/media?parent=260518"}],"wp:term":[{"taxonomy":"category","embeddable":true,"href":"https:\/\/www.europesays.com\/ee\/wp-json\/wp\/v2\/categories?post=260518"},{"taxonomy":"post_tag","embeddable":true,"href":"https:\/\/www.europesays.com\/ee\/wp-json\/wp\/v2\/tags?post=260518"}],"curies":[{"name":"wp","href":"https:\/\/api.w.org\/{rel}","templated":true}]}}