{"id":260578,"date":"2026-08-25T14:07:23","date_gmt":"2026-08-25T14:07:23","guid":{"rendered":"https:\/\/www.europesays.com\/ee\/260578\/"},"modified":"2026-08-25T14:07:23","modified_gmt":"2026-08-25T14:07:23","slug":"sonu-ei-soo-%e2%9f%a9-tasuta-huviring-igale-lapsele-parnu-lapsed-ja-juhendajad-utlevad-mida-tegelikult-vaja-oleks","status":"publish","type":"post","link":"https:\/\/www.europesays.com\/ee\/260578\/","title":{"rendered":"&#8220;S\u00d5NU EI S\u00d6\u00d6&#8221; \u27e9 Tasuta huviring igale lapsele? P\u00e4rnu lapsed ja juhendajad \u00fctlevad, mida tegelikult vaja oleks"},"content":{"rendered":"<p>S\u00fcgis on k\u00e4es, koolid avavad uksed ja koos tunniplaanidega kerkib paljudes peredes taas k\u00fcsimus: millistesse trennidesse ja ringidesse laps panna v\u00f5i kas \u00fcldse? P\u00e4rnus r\u00e4\u00e4gitakse huviharidusest praegu eriti palju, sest uus v\u00f5imuliit on lubanud, et iga linna laps peaks saama k\u00e4ia v\u00e4hemalt \u00fches huviringis tasuta. Kuidas selleni j\u00f5uda, pole aga veel kokku lepitud.<\/p>\n<p>P\u00e4rnu Postimehe taskuh\u00e4\u00e4lingu \u00abS\u00f5nu ei s\u00f6\u00f6\u00bb stuudios arutasid huvihariduse t\u00e4hendust, r\u00f5\u00f5me ja murekohti tantsu\u00f5petaja ja tantsukooli omanik Janne Ristimets, muusika\u00f5petaja ja koorijuht Margrit Kits, t\u00fcdrukud Aura Ingel Aron ja Deandra Benstr\u00f6m ning allakirjutanu. Vestlusest koorus v\u00e4lja nii poliitikutele suunatud m\u00f5tteid kui ka v\u00e4ga praktilist n\u00f5u vanematele ja lastele endile.<\/p>\n","protected":false},"excerpt":{"rendered":"S\u00fcgis on k\u00e4es, koolid avavad uksed ja koos tunniplaanidega kerkib paljudes peredes taas k\u00fcsimus: millistesse trennidesse ja ringidesse&hellip;\n","protected":false},"author":2,"featured_media":260579,"comment_status":"","ping_status":"","sticky":false,"template":"","format":"standard","meta":{"footnotes":"","_share_on_mastodon":"0"},"categories":[5],"tags":[346,345,342,26,27,37,33,35,34,36,31,32,21,344,360,343,339,28,29,349,19,341,354,357,351,352,355,356,348,336,350,337,353,25,159,338,340,347,23,24,358,22,359,20,30],"class_list":["post-260578","post","type-post","status-publish","format-standard","has-post-thumbnail","category-uldised-uudised","tag-ajakirjaniku-kontakt","tag-ajalehe-tellimine","tag-arhiiv","tag-breaking-news","tag-breakingnews","tag-ee","tag-eesti","tag-eesti-keel","tag-estonia","tag-estonian","tag-featured-news","tag-featurednews","tag-headlines","tag-kaastundeavaldus","tag-kesklinna-sild","tag-kuulutuse-lisamine","tag-kuulutused","tag-latest-news","tag-latestnews","tag-liiklusonnetus","tag-news","tag-paberleht","tag-parnu-haigla","tag-parnu-jahtklubi","tag-parnu-linn","tag-parnu-maakohus","tag-parnu-rand","tag-parnu-sadam","tag-parnu-uritused","tag-parnu-uudised","tag-parnumaa","tag-parnumaa-uudised","tag-politsei","tag-populaarseimad-lood","tag-sport","tag-suvepealinn","tag-tellimine","tag-toimetuse-kontakt","tag-top-stories","tag-topstories","tag-tulekahju","tag-uldised-uudised","tag-urituste-kava","tag-uudised","tag-viimased-uudised"],"share_on_mastodon":{"url":"","error":"Validation failed: Text character limit of 500 exceeded"},"_links":{"self":[{"href":"https:\/\/www.europesays.com\/ee\/wp-json\/wp\/v2\/posts\/260578","targetHints":{"allow":["GET"]}}],"collection":[{"href":"https:\/\/www.europesays.com\/ee\/wp-json\/wp\/v2\/posts"}],"about":[{"href":"https:\/\/www.europesays.com\/ee\/wp-json\/wp\/v2\/types\/post"}],"author":[{"embeddable":true,"href":"https:\/\/www.europesays.com\/ee\/wp-json\/wp\/v2\/users\/2"}],"replies":[{"embeddable":true,"href":"https:\/\/www.europesays.com\/ee\/wp-json\/wp\/v2\/comments?post=260578"}],"version-history":[{"count":0,"href":"https:\/\/www.europesays.com\/ee\/wp-json\/wp\/v2\/posts\/260578\/revisions"}],"wp:featuredmedia":[{"embeddable":true,"href":"https:\/\/www.europesays.com\/ee\/wp-json\/wp\/v2\/media\/260579"}],"wp:attachment":[{"href":"https:\/\/www.europesays.com\/ee\/wp-json\/wp\/v2\/media?parent=260578"}],"wp:term":[{"taxonomy":"category","embeddable":true,"href":"https:\/\/www.europesays.com\/ee\/wp-json\/wp\/v2\/categories?post=260578"},{"taxonomy":"post_tag","embeddable":true,"href":"https:\/\/www.europesays.com\/ee\/wp-json\/wp\/v2\/tags?post=260578"}],"curies":[{"name":"wp","href":"https:\/\/api.w.org\/{rel}","templated":true}]}}