{"id":260610,"date":"2026-08-25T14:42:23","date_gmt":"2026-08-25T14:42:23","guid":{"rendered":"https:\/\/www.europesays.com\/ee\/260610\/"},"modified":"2026-08-25T14:42:23","modified_gmt":"2026-08-25T14:42:23","slug":"kremli-nounik-hoiatas-et-venemaa-voib-runnata-briti-droonitehaseid","status":"publish","type":"post","link":"https:\/\/www.europesays.com\/ee\/260610\/","title":{"rendered":"Kremli n\u00f5unik hoiatas, et Venemaa v\u00f5ib r\u00fcnnata Briti droonitehaseid"},"content":{"rendered":"<p>Fjodorov \u00fctles BBC-le, et ta ei saa sajaprotsendiliselt v\u00e4listada v\u00f5imalikku pools\u00f5jalist tegevust <a rel=\"noopener nofollow\" target=\"_blank\" href=\"https:\/\/www.delfi.ee\/teema\/22636419\/suurbritannia\" tag-id=\"22636419\">Suurbritannia<\/a> vastu. <\/p>\n<p>London jagas Kiieviga esmasp\u00e4eval kaugmaarakettide jooniseid peaminister <a rel=\"noopener nofollow\" target=\"_blank\" href=\"https:\/\/www.delfi.ee\/teema\/96943427\/andy-burnham\" tag-id=\"96943427\">Andy Burnhami<\/a> esimesel v\u00e4lisvisiidil Kiievisse. Moskva k\u00e4sitab seda Fjodorovi s\u00f5nul t\u00f5endina Suurbritannia otsesest s\u00f5jalisest osalusest <a rel=\"noopener nofollow\" target=\"_blank\" href=\"https:\/\/www.delfi.ee\/teema\/3\/venemaa\" tag-id=\"3\">Venemaa<\/a>-Ukraina s\u00f5jas, vahendas <a rel=\"dofollow noopener\" target=\"_blank\" href=\"https:\/\/www.aljazeera.com\/news\/2026\/8\/25\/kremlin-adviser-warns-uk-drone-factories-could-face-attacks?traffic_source=rss\" data-rel-date-range=\"[]\">Al Jazeera.<\/a><\/p>\n<p>Fjodorov \u00fctles, et varem v\u00f5i hiljem v\u00f5ib Venemaalt \u00dchendkuningriigi suunas tulla mitte ainult s\u00f5naline, vaid ka mingi n\u00e4htav reaktsioon. Tema s\u00f5nul arutatakse muu hulgas \u201etehnilist reaktsiooni\u201c, n\u00e4iteks h\u00e4kkerir\u00fcnnakut \u201etundmatust allikast, muidugi mitte ametlikul tasandil\u201c, samuti poliitilisi samme.<\/p>\n<p>\u201eN\u00e4iteks v\u00f5ib midagi juhtuda ettev\u00f5tetega, tehastega, mis toodavad Ukrainale droone,\u201c \u00fctles Fjodorov. <\/p>\n<p>Kremli pressiesindaja Dmitri Peskov lausus esmasp\u00e4eval ajakirjanikele, et Suurbritannia osaleb s\u00f5jas oma raketitoetusega ja lisab &#8220;\u00f5li tulle&#8221;. Burnham vastas sellele k\u00fcsimusega, kes selle tule \u00fcldse s\u00fc\u00fctas.<\/p>\n<p>Kuidas see lugu Sind end tundma pani?Saada<a href=\"https:\/\/www.delfi.ee\/artikkel\/120605988\/kremli-nounik-hoiatas-et-venemaa-voib-runnata-briti-droonitehaseid\/kommentaarid\" class=\"button button--primary button--size-auto article-body-bottom__comment article-body-bottom__comment--write\" style=\"\" rel=\"nofollow noopener\" target=\"_blank\">Kommenteeri<\/a><a href=\"https:\/\/www.delfi.ee\/artikkel\/120605988\/kremli-nounik-hoiatas-et-venemaa-voib-runnata-briti-droonitehaseid\/kommentaarid\" class=\"button button--size-auto article-body-bottom__comment article-body-bottom__comment--read\" style=\"\" rel=\"nofollow noopener\" target=\"_blank\">Loe kommentaare (26)<\/a><\/p>\n","protected":false},"excerpt":{"rendered":"Fjodorov \u00fctles BBC-le, et ta ei saa sajaprotsendiliselt v\u00e4listada v\u00f5imalikku pools\u00f5jalist tegevust Suurbritannia vastu. London jagas Kiieviga esmasp\u00e4eval&hellip;\n","protected":false},"author":2,"featured_media":260611,"comment_status":"","ping_status":"","sticky":false,"template":"","format":"standard","meta":{"footnotes":"","_share_on_mastodon":"0"},"categories":[5],"tags":[80191,26,27,404,101176,37,33,35,34,36,31,32,21,28,29,19,25,25248,107,660,23,24,124,22,20,96,30],"class_list":["post-260610","post","type-post","status-publish","format-standard","has-post-thumbnail","category-uldised-uudised","tag-andy-burnham","tag-breaking-news","tag-breakingnews","tag-droon","tag-droonitootja","tag-ee","tag-eesti","tag-eesti-keel","tag-estonia","tag-estonian","tag-featured-news","tag-featurednews","tag-headlines","tag-latest-news","tag-latestnews","tag-news","tag-populaarseimad-lood","tag-soda-ukraina","tag-soda-ukrainas","tag-suurbritannia","tag-top-stories","tag-topstories","tag-ukraina-soda","tag-uldised-uudised","tag-uudised","tag-venemaa","tag-viimased-uudised"],"share_on_mastodon":{"url":"https:\/\/pubeurope.com\/@ee\/117156678519759698","error":""},"_links":{"self":[{"href":"https:\/\/www.europesays.com\/ee\/wp-json\/wp\/v2\/posts\/260610","targetHints":{"allow":["GET"]}}],"collection":[{"href":"https:\/\/www.europesays.com\/ee\/wp-json\/wp\/v2\/posts"}],"about":[{"href":"https:\/\/www.europesays.com\/ee\/wp-json\/wp\/v2\/types\/post"}],"author":[{"embeddable":true,"href":"https:\/\/www.europesays.com\/ee\/wp-json\/wp\/v2\/users\/2"}],"replies":[{"embeddable":true,"href":"https:\/\/www.europesays.com\/ee\/wp-json\/wp\/v2\/comments?post=260610"}],"version-history":[{"count":0,"href":"https:\/\/www.europesays.com\/ee\/wp-json\/wp\/v2\/posts\/260610\/revisions"}],"wp:featuredmedia":[{"embeddable":true,"href":"https:\/\/www.europesays.com\/ee\/wp-json\/wp\/v2\/media\/260611"}],"wp:attachment":[{"href":"https:\/\/www.europesays.com\/ee\/wp-json\/wp\/v2\/media?parent=260610"}],"wp:term":[{"taxonomy":"category","embeddable":true,"href":"https:\/\/www.europesays.com\/ee\/wp-json\/wp\/v2\/categories?post=260610"},{"taxonomy":"post_tag","embeddable":true,"href":"https:\/\/www.europesays.com\/ee\/wp-json\/wp\/v2\/tags?post=260610"}],"curies":[{"name":"wp","href":"https:\/\/api.w.org\/{rel}","templated":true}]}}