{"id":260632,"date":"2026-08-25T15:11:11","date_gmt":"2026-08-25T15:11:11","guid":{"rendered":"https:\/\/www.europesays.com\/ee\/260632\/"},"modified":"2026-08-25T15:11:11","modified_gmt":"2026-08-25T15:11:11","slug":"ukraina-korvpallur-lahkus-venelanna-liitumise-jarel-tiimist-korvpall","status":"publish","type":"post","link":"https:\/\/www.europesays.com\/ee\/260632\/","title":{"rendered":"Ukraina korvpallur lahkus venelanna liitumise j\u00e4rel tiimist | Korvpall"},"content":{"rendered":"<p>USA \u00fcli\u00f5pilasliigas (NCAA) m\u00e4ngiv Ukraina korvpallur Kater\u00f5na Koval lahkus Louisiana State&#8217;i \u00fclikoolist, sest naiskonda toodi venelanna Anna Minajeva.<\/p>\n<p>Kaks aastat tagasi oma NCAA karj\u00e4\u00e4ri alustanud Koval m\u00e4ngis oma esimese hooaja Notre Dame&#8217;i \u00fclikoolis, misj\u00e4rel liitus LSU-ga. Mullu m\u00e4ngis ta 35 m\u00e4ngus ning alustas algviisikus 17 korda, kogudes keskmiselt m\u00e4ngus 8,3 punkti, 6,3 lauapalli, 1,2 viskeblokeeringut ja 1,1 vaheltl\u00f5iget.<\/p>\n<p>Esmasp\u00e4eval teatas aga LSU peatreener Kim Mulkey, et 20-aastane ukrainlanna lahkus naiskonna juurest &#8220;isiklikel p\u00f5hjustel&#8221;.<\/p>\n<p>V\u00e4ljaanne New Orleans Advocate kirjutas eelmisel n\u00e4dalal, et Kovali otsus tulenes sellest, et LSU ja Mulkey t\u00f5id naiskonda venelanna Anna Minajeva. Korra m\u00e4ngijana ning neli korda treenerina NCAA meistriks tulnud Mulkey arutas teemat Kovaliga ning \u00fctles ukrainlannale, et too ei pea muutma oma arvamust Venemaast. &#8220;Ma pean tegema, mis ma tegema pean. Ma ei j\u00e4ta kahe riigi vahelise konflikti t\u00f5ttu naiskonda paremaks tegemata,&#8221; r\u00e4\u00e4kis treener.<\/p>\n<p>Kiievis s\u00fcndinud ja 2021. aastal USA-sse kolinud Koval, kelle isa on droonioperaator, otsustas seej\u00e4rel naiskonnast lahkuda.<\/p>\n","protected":false},"excerpt":{"rendered":"USA \u00fcli\u00f5pilasliigas (NCAA) m\u00e4ngiv Ukraina korvpallur Kater\u00f5na Koval lahkus Louisiana State&#8217;i \u00fclikoolist, sest naiskonda toodi venelanna Anna Minajeva.&hellip;\n","protected":false},"author":2,"featured_media":260633,"comment_status":"","ping_status":"","sticky":false,"template":"","format":"standard","meta":{"footnotes":"","_share_on_mastodon":"0"},"categories":[18],"tags":[37,33,35,34,36,101228,12930,159,158],"class_list":["post-260632","post","type-post","status-publish","format-standard","has-post-thumbnail","category-sport","tag-ee","tag-eesti","tag-eesti-keel","tag-estonia","tag-estonian","tag-kate-koval","tag-ncaa","tag-sport","tag-sports"],"share_on_mastodon":{"url":"https:\/\/pubeurope.com\/@ee\/117156792619776875","error":""},"_links":{"self":[{"href":"https:\/\/www.europesays.com\/ee\/wp-json\/wp\/v2\/posts\/260632","targetHints":{"allow":["GET"]}}],"collection":[{"href":"https:\/\/www.europesays.com\/ee\/wp-json\/wp\/v2\/posts"}],"about":[{"href":"https:\/\/www.europesays.com\/ee\/wp-json\/wp\/v2\/types\/post"}],"author":[{"embeddable":true,"href":"https:\/\/www.europesays.com\/ee\/wp-json\/wp\/v2\/users\/2"}],"replies":[{"embeddable":true,"href":"https:\/\/www.europesays.com\/ee\/wp-json\/wp\/v2\/comments?post=260632"}],"version-history":[{"count":0,"href":"https:\/\/www.europesays.com\/ee\/wp-json\/wp\/v2\/posts\/260632\/revisions"}],"wp:featuredmedia":[{"embeddable":true,"href":"https:\/\/www.europesays.com\/ee\/wp-json\/wp\/v2\/media\/260633"}],"wp:attachment":[{"href":"https:\/\/www.europesays.com\/ee\/wp-json\/wp\/v2\/media?parent=260632"}],"wp:term":[{"taxonomy":"category","embeddable":true,"href":"https:\/\/www.europesays.com\/ee\/wp-json\/wp\/v2\/categories?post=260632"},{"taxonomy":"post_tag","embeddable":true,"href":"https:\/\/www.europesays.com\/ee\/wp-json\/wp\/v2\/tags?post=260632"}],"curies":[{"name":"wp","href":"https:\/\/api.w.org\/{rel}","templated":true}]}}