{"id":260654,"date":"2026-08-25T15:48:11","date_gmt":"2026-08-25T15:48:11","guid":{"rendered":"https:\/\/www.europesays.com\/ee\/260654\/"},"modified":"2026-08-25T15:48:11","modified_gmt":"2026-08-25T15:48:11","slug":"afd-voimalik-valimisvoit-tekitab-saksa-avalik-oiguslikus-meedias-arevust-valismaa","status":"publish","type":"post","link":"https:\/\/www.europesays.com\/ee\/260654\/","title":{"rendered":"AfD v\u00f5imalik valimisv\u00f5it tekitab Saksa avalik-\u00f5iguslikus meedias \u00e4revust | V\u00e4lismaa"},"content":{"rendered":"<p>Parempopulistlik erakond Alternatiiv Saksamaale (AfD) v\u00f5ib Saksi-Anhalti liidumaa valimistel saavutada \u00fclekaaluka v\u00f5idu, mis v\u00f5imaldaks parteil moodustada Saksamaal esimest korda omaenda liidumaa valitsuse. Ringh\u00e4\u00e4ling MDR kardab, et AfD v\u00f5imuletulek v\u00f5ib oluliselt muuta piirkonna avalik-\u00f5igusliku meedia korraldust.<\/p>\n<p>Ida-Saksamaal tegutsev MDR katkestas esmasp\u00e4eva \u00f5htul tavap\u00e4rase programmi ja n\u00e4itas m\u00f5neks ajaks musta ekraani. MDR teatas veel, et kui AfD v\u00f5idab septembris Saksi-Anhalti valimised, v\u00f5ib piirkond MDR-ist ilma j\u00e4\u00e4da, vahendas The Telegraph.\u00a0<\/p>\n<p>AfD ise on lubanud v\u00f5imule tulles l\u00f5petada Saksi-Anhalti osalemise MDR-i ringh\u00e4\u00e4lingulepingus, kuna erakond peab Saksa avalik-\u00f5iguslikku meediat poliitiliselt kallutatuks.<\/p>\n<p>Sisser\u00e4ndevastane AfD on viimastel aastatel j\u00e4rjepidevalt toetust kasvatanud ning kerkinud \u00fcleriigiliselt populaarseimaks erakonnaks.<\/p>\n<p>AfD esilet\u00f5us tekitab Saksamaal \u00fcha rohkem vastuolusid, parem\u00e4\u00e4rmuslikuks peetavat erakonda s\u00fc\u00fcdistatakse veel ka Vene-meelsuses.<\/p>\n<p>Saksamaal on viimastel kuudel toimunud suuri AfD-vastaseid proteste ning partei vastu on mobiliseerunud ameti\u00fchingud, kodaniku\u00fchiskonna organisatsioonid ja vasakpoolsed liikumised.<\/p>\n","protected":false},"excerpt":{"rendered":"Parempopulistlik erakond Alternatiiv Saksamaale (AfD) v\u00f5ib Saksi-Anhalti liidumaa valimistel saavutada \u00fclekaaluka v\u00f5idu, mis v\u00f5imaldaks parteil moodustada Saksamaal esimest&hellip;\n","protected":false},"author":2,"featured_media":260655,"comment_status":"","ping_status":"","sticky":false,"template":"","format":"standard","meta":{"footnotes":"","_share_on_mastodon":"0"},"categories":[80],"tags":[12512,26,27,37,33,35,34,36,31,32,21,28,29,95,19,25,3975,51,3711,23,24,22,20,670,30,92,93,94],"class_list":["post-260654","post","type-post","status-publish","format-standard","has-post-thumbnail","category-maailm","tag-afd","tag-breaking-news","tag-breakingnews","tag-ee","tag-eesti","tag-eesti-keel","tag-estonia","tag-estonian","tag-featured-news","tag-featurednews","tag-headlines","tag-latest-news","tag-latestnews","tag-maailm","tag-news","tag-populaarseimad-lood","tag-populism","tag-saksamaa","tag-sisseranne","tag-top-stories","tag-topstories","tag-uldised-uudised","tag-uudised","tag-valimised","tag-viimased-uudised","tag-world","tag-world-news","tag-worldnews"],"share_on_mastodon":{"url":"https:\/\/pubeurope.com\/@ee\/117156937989250062","error":""},"_links":{"self":[{"href":"https:\/\/www.europesays.com\/ee\/wp-json\/wp\/v2\/posts\/260654","targetHints":{"allow":["GET"]}}],"collection":[{"href":"https:\/\/www.europesays.com\/ee\/wp-json\/wp\/v2\/posts"}],"about":[{"href":"https:\/\/www.europesays.com\/ee\/wp-json\/wp\/v2\/types\/post"}],"author":[{"embeddable":true,"href":"https:\/\/www.europesays.com\/ee\/wp-json\/wp\/v2\/users\/2"}],"replies":[{"embeddable":true,"href":"https:\/\/www.europesays.com\/ee\/wp-json\/wp\/v2\/comments?post=260654"}],"version-history":[{"count":0,"href":"https:\/\/www.europesays.com\/ee\/wp-json\/wp\/v2\/posts\/260654\/revisions"}],"wp:featuredmedia":[{"embeddable":true,"href":"https:\/\/www.europesays.com\/ee\/wp-json\/wp\/v2\/media\/260655"}],"wp:attachment":[{"href":"https:\/\/www.europesays.com\/ee\/wp-json\/wp\/v2\/media?parent=260654"}],"wp:term":[{"taxonomy":"category","embeddable":true,"href":"https:\/\/www.europesays.com\/ee\/wp-json\/wp\/v2\/categories?post=260654"},{"taxonomy":"post_tag","embeddable":true,"href":"https:\/\/www.europesays.com\/ee\/wp-json\/wp\/v2\/tags?post=260654"}],"curies":[{"name":"wp","href":"https:\/\/api.w.org\/{rel}","templated":true}]}}