{"id":260676,"date":"2026-08-25T16:12:13","date_gmt":"2026-08-25T16:12:13","guid":{"rendered":"https:\/\/www.europesays.com\/ee\/260676\/"},"modified":"2026-08-25T16:12:13","modified_gmt":"2026-08-25T16:12:13","slug":"kalle-laanet-moisteti-loplikult-oigeks","status":"publish","type":"post","link":"https:\/\/www.europesays.com\/ee\/260676\/","title":{"rendered":"Kalle Laanet m\u00f5isteti l\u00f5plikult \u00f5igeks"},"content":{"rendered":"<p class=\"MsoNormal\">&#8220;Kaks ja pool aastat kriminaalmenetlust on juba iseenesest karistus,&#8221; \u00fctles Laanet Saarte H\u00e4\u00e4lele. &#8220;T\u00e4na \u00f5igeksm\u00f5istetuna olen elav t\u00f5estus, et taolised ebam\u00f5istlikud surnuks menetlemised ei tohi olla \u00f5igusriigile mitte kuidagi vastuv\u00f5etavad.&#8221;<\/p>\n<p class=\"MsoNormal\">Tallinna ringkonnakohus t\u00fchistas 20. mail Harju maakohtu varasema otsuse t\u00e4ies ulatuses ja m\u00f5istis endise justiitsministri Laaneti talle esitatud kelmuses\u00fc\u00fcdistuses \u00f5igeks. Prokuratuur kaebas otsuse edasi riigikohtusse, kuid riigikohus otsustas teisip\u00e4eval kassatsioonkaebust menetlusse mitte v\u00f5tta.<\/p>\n<p class=\"MsoNormal\">Laanet \u00fctles Saarte H\u00e4\u00e4lele, et tema hinnangul sai talle saatuslikuks see, et ta n\u00f5udis toonase peaprokur\u00f6ri k\u00e4est hoiakute muutmist.<\/p>\n<p class=\"MsoNormal\">&#8220;T\u00e4na \u00f5igeksm\u00f5istetuna saan \u00f6elda, et saan j\u00e4llegi tegutseda \u00f5iglasema \u00f5iguse eest,&#8221; s\u00f5nas ta. &#8220;Ma tean, et inimesi, kes on sellise pika ja piinava menetluse all olnud v\u00f5i on praegu, leidub Eestis k\u00fcmneid ja k\u00fcmneid. V\u00e4hemalt \u00fcks asi on n\u00fc\u00fcd l\u00f5pule j\u00f5udnud.&#8221;<\/p>\n<p class=\"MsoNormal\">S\u00fc\u00fcdistuse j\u00e4rgi sai Laanet aastatel 2022\u20132023 riigikogu ja valitsuse liikmena eluasemekulude h\u00fcvitist valeandmete esitamise teel.<\/p>\n<p class=\"MsoNormal\">Vaidluse keskmes oli eluruumi \u00fc\u00fcrileping, mis oli s\u00f5lmitud juriidilise isikuga, mille ainuosanik ja juhatuse liige oli Laaneti abikaasa poeg. Korruptsioonivastase seaduse j\u00e4rgi ei kuulu h\u00fcvitamisele seotud isikuga s\u00f5lmitud \u00fc\u00fcrilepingust tulenevad \u00fc\u00fcrimaksed. Laanet oli eluasemekulude h\u00fcvitamist taotledes kinnitanud, et \u00fc\u00fcrileping ei ole s\u00f5lmitud seotud isikuga.<\/p>\n<p class=\"MsoNormal\">Harju maakohus leidis, et \u00fc\u00fcrileping oli s\u00f5lmitud seotud isikuga ning Laanet teadis, et tema abikaasa poeg on korruptsioonivastase seaduse t\u00e4henduses temaga seotud isik. Maakohus m\u00f5istis Laaneti kelmuses s\u00fc\u00fcdi ja karistas teda \u00fche aasta ja nelja kuu pikkuse tingimisi vangistusega.<\/p>\n","protected":false},"excerpt":{"rendered":"&#8220;Kaks ja pool aastat kriminaalmenetlust on juba iseenesest karistus,&#8221; \u00fctles Laanet Saarte H\u00e4\u00e4lele. &#8220;T\u00e4na \u00f5igeksm\u00f5istetuna olen elav t\u00f5estus,&hellip;\n","protected":false},"author":2,"featured_media":260677,"comment_status":"","ping_status":"","sticky":false,"template":"","format":"standard","meta":{"footnotes":"","_share_on_mastodon":"0"},"categories":[5],"tags":[26,27,37,33,35,101234,34,36,31,32,3995,21,25015,13758,101233,75241,2146,28,29,19,25,10094,640,5641,11776,23,24,22,20,30],"class_list":["post-260676","post","type-post","status-publish","format-standard","has-post-thumbnail","category-uldised-uudised","tag-breaking-news","tag-breakingnews","tag-ee","tag-eesti","tag-eesti-keel","tag-eluasemekulude-huvitamine","tag-estonia","tag-estonian","tag-featured-news","tag-featurednews","tag-harju-maakohus","tag-headlines","tag-justiitsminister","tag-kalle-laanet","tag-kalle-laanet-moisteti-loplikult-oigeks","tag-kelmusesuudistus","tag-korruptsioonivastane-seadus","tag-latest-news","tag-latestnews","tag-news","tag-populaarseimad-lood","tag-prokuratuur","tag-riigikogu","tag-riigikohus","tag-tallinna-ringkonnakohus","tag-top-stories","tag-topstories","tag-uldised-uudised","tag-uudised","tag-viimased-uudised"],"share_on_mastodon":{"url":"https:\/\/pubeurope.com\/@ee\/117157032500988393","error":""},"_links":{"self":[{"href":"https:\/\/www.europesays.com\/ee\/wp-json\/wp\/v2\/posts\/260676","targetHints":{"allow":["GET"]}}],"collection":[{"href":"https:\/\/www.europesays.com\/ee\/wp-json\/wp\/v2\/posts"}],"about":[{"href":"https:\/\/www.europesays.com\/ee\/wp-json\/wp\/v2\/types\/post"}],"author":[{"embeddable":true,"href":"https:\/\/www.europesays.com\/ee\/wp-json\/wp\/v2\/users\/2"}],"replies":[{"embeddable":true,"href":"https:\/\/www.europesays.com\/ee\/wp-json\/wp\/v2\/comments?post=260676"}],"version-history":[{"count":0,"href":"https:\/\/www.europesays.com\/ee\/wp-json\/wp\/v2\/posts\/260676\/revisions"}],"wp:featuredmedia":[{"embeddable":true,"href":"https:\/\/www.europesays.com\/ee\/wp-json\/wp\/v2\/media\/260677"}],"wp:attachment":[{"href":"https:\/\/www.europesays.com\/ee\/wp-json\/wp\/v2\/media?parent=260676"}],"wp:term":[{"taxonomy":"category","embeddable":true,"href":"https:\/\/www.europesays.com\/ee\/wp-json\/wp\/v2\/categories?post=260676"},{"taxonomy":"post_tag","embeddable":true,"href":"https:\/\/www.europesays.com\/ee\/wp-json\/wp\/v2\/tags?post=260676"}],"curies":[{"name":"wp","href":"https:\/\/api.w.org\/{rel}","templated":true}]}}