{"id":260690,"date":"2026-08-25T16:30:10","date_gmt":"2026-08-25T16:30:10","guid":{"rendered":"https:\/\/www.europesays.com\/ee\/260690\/"},"modified":"2026-08-25T16:30:10","modified_gmt":"2026-08-25T16:30:10","slug":"uhke-soolosoidu-teinud-pogacar-kasvatas-vueltal-edumaad","status":"publish","type":"post","link":"https:\/\/www.europesays.com\/ee\/260690\/","title":{"rendered":"Uhke soolos\u00f5idu teinud Poga\u010dar kasvatas Vueltal edumaad"},"content":{"rendered":"<p>27-aastane Sloveenia jalgratta\u00e4ss s\u00f5itis Andorra m\u00e4gedes konkurentidel eest juba 50 km enne fini\u0161it ning edestas l\u00f5pujoonel l\u00e4himat rivaali kahe minuti ja 39 sekundiga. Teise koha sai t\u00e4na Jarno Widar (Lotto-Intermarch\u00e9) ja kolmanda Felix Gall (Decathlon CMA CGM), kes l\u00f5petasid v\u00f5rdse ajaga.<\/p>\n<p>Karj\u00e4\u00e4ri esimest <a rel=\"noopener nofollow\" target=\"_blank\" href=\"https:\/\/www.delfi.ee\/teema\/96856852\/vuelta-1\" data-rel-date-range=\"[]\">Vuelta<\/a> v\u00f5itu ja suurtuuride k\u00fcbaratrikki sihtiva Poga\u010dari \u00fcldedu Primo\u017e Rogli\u010di (Red Bull\u2013Bora\u2013Hansgrohe) ees on n\u00fc\u00fcd kolm minutit ja 21 sekundit.<\/p>\n<p>Kolmap\u00e4evane viies etapp (173,3 km) toimub Hispaanias ning algab Barcelona l\u00e4histelt Falsetist. See etapp l\u00f5ppeb suure t\u00f5en\u00e4osusega sprindifini\u0161iga.<\/p>\n<p>Kuidas see lugu Sind end tundma pani?Saada<a href=\"https:\/\/sport.delfi.ee\/artikkel\/120606076\/uhke-soolosoidu-teinud-pogacar-kasvatas-vueltal-edumaad\/kommentaarid\" class=\"button button--primary button--size-auto article-body-bottom__comment article-body-bottom__comment--write\" style=\"\" rel=\"nofollow noopener\" target=\"_blank\">Kommenteeri<\/a><a href=\"https:\/\/sport.delfi.ee\/artikkel\/120606076\/uhke-soolosoidu-teinud-pogacar-kasvatas-vueltal-edumaad\/kommentaarid\" class=\"button button--size-auto article-body-bottom__comment article-body-bottom__comment--read\" style=\"\" rel=\"nofollow noopener\" target=\"_blank\">Loe kommentaare (1)<\/a><\/p>\n","protected":false},"excerpt":{"rendered":"27-aastane Sloveenia jalgratta\u00e4ss s\u00f5itis Andorra m\u00e4gedes konkurentidel eest juba 50 km enne fini\u0161it ning edestas l\u00f5pujoonel l\u00e4himat rivaali&hellip;\n","protected":false},"author":2,"featured_media":260691,"comment_status":"","ping_status":"","sticky":false,"template":"","format":"standard","meta":{"footnotes":"","_share_on_mastodon":"0"},"categories":[18],"tags":[37,33,35,34,36,520,159,158,5382,2477],"class_list":["post-260690","post","type-post","status-publish","format-standard","has-post-thumbnail","category-sport","tag-ee","tag-eesti","tag-eesti-keel","tag-estonia","tag-estonian","tag-jalgrattasport","tag-sport","tag-sports","tag-tadej-pogacar","tag-vuelta"],"share_on_mastodon":{"url":"https:\/\/pubeurope.com\/@ee\/117157103170653473","error":""},"_links":{"self":[{"href":"https:\/\/www.europesays.com\/ee\/wp-json\/wp\/v2\/posts\/260690","targetHints":{"allow":["GET"]}}],"collection":[{"href":"https:\/\/www.europesays.com\/ee\/wp-json\/wp\/v2\/posts"}],"about":[{"href":"https:\/\/www.europesays.com\/ee\/wp-json\/wp\/v2\/types\/post"}],"author":[{"embeddable":true,"href":"https:\/\/www.europesays.com\/ee\/wp-json\/wp\/v2\/users\/2"}],"replies":[{"embeddable":true,"href":"https:\/\/www.europesays.com\/ee\/wp-json\/wp\/v2\/comments?post=260690"}],"version-history":[{"count":0,"href":"https:\/\/www.europesays.com\/ee\/wp-json\/wp\/v2\/posts\/260690\/revisions"}],"wp:featuredmedia":[{"embeddable":true,"href":"https:\/\/www.europesays.com\/ee\/wp-json\/wp\/v2\/media\/260691"}],"wp:attachment":[{"href":"https:\/\/www.europesays.com\/ee\/wp-json\/wp\/v2\/media?parent=260690"}],"wp:term":[{"taxonomy":"category","embeddable":true,"href":"https:\/\/www.europesays.com\/ee\/wp-json\/wp\/v2\/categories?post=260690"},{"taxonomy":"post_tag","embeddable":true,"href":"https:\/\/www.europesays.com\/ee\/wp-json\/wp\/v2\/tags?post=260690"}],"curies":[{"name":"wp","href":"https:\/\/api.w.org\/{rel}","templated":true}]}}