{"id":260746,"date":"2026-08-25T17:38:08","date_gmt":"2026-08-25T17:38:08","guid":{"rendered":"https:\/\/www.europesays.com\/ee\/260746\/"},"modified":"2026-08-25T17:38:08","modified_gmt":"2026-08-25T17:38:08","slug":"kaubandusvaidlus-kanadaga-kogub-tuure-trump-ahvardas-nimetada-ontario-jarve-ameerika-jarveks","status":"publish","type":"post","link":"https:\/\/www.europesays.com\/ee\/260746\/","title":{"rendered":"Kaubandusvaidlus Kanadaga kogub tuure: Trump \u00e4hvardas nimetada Ontario j\u00e4rve \u201eAmeerika j\u00e4rveks\u201c"},"content":{"rendered":"<p>\u201eAmeerika \u00dchendriigid kaaluvad t\u00f5siselt Ontario j\u00e4rve nime muutmist Ameerika j\u00e4rveks, kuna me ei eelda, et teeme Ontarioga edaspidi enam palju \u00e4ri,\u201c kirjutas Trump sotsiaalv\u00f5rgustikus Truth Social.<\/p>\n<p>Ontario j\u00e4rv asub Kanada rahvarohkeima provintsi Ontario ja New Yorgi osariigi vahel. Hiljem postitas Trump ka foto Ontario j\u00e4rve kujutavast kaardist, kus on j\u00e4rve nimi maha kriipsutatud ja selle asemele kirjutatud \u201eAmeerika j\u00e4rv\u201c.<\/p>\n<p>Trump \u00e4hvardas Kanadat j\u00e4rve nimemuutusega keset hiljuti eskaleerunud kaubandusvaidlust kahe riigi vahel. M\u00f6\u00f6dunud n\u00e4dala l\u00f5pus teatasid m\u00f5lemad osapooled, et kaubandusl\u00e4bir\u00e4\u00e4kimised nurjusid, ja s\u00fc\u00fcdistasid teineteist viimasel hetkel tingimuste muutmises.<\/p>\n<p>Kokkuleppe puudumise t\u00f5ttu kehtestas USA osale Kanada kaupadest 50-protsendilise tollimaksu. Kanada lubas kehtestada samav\u00e4\u00e4rsed vastumeetmed ja peaks need peagi avalikustama.<\/p>\n<p>Vaidlus on vaid eskaleerunud. Trump teatas eile Kanada juhtidele, et nad peaksid j\u00e4rele andma v\u00f5i seisma silmitsi palju hullemate tagaj\u00e4rgedega kui praegused <a rel=\"noopener nofollow\" target=\"_blank\" href=\"https:\/\/www.delfi.ee\/teema\/96871057\/tollimaksud\" tag-id=\"96871057\">tollimaksud<\/a>. Kanada peaminister <a rel=\"noopener nofollow\" target=\"_blank\" href=\"https:\/\/www.delfi.ee\/teema\/70654081\/mark-carney\" tag-id=\"70654081\">Mark Carney<\/a> on samal ajal s\u00fc\u00fcdistanud Washingtoni katses Kanadat enda tahtele allutada.<\/p>\n<p>Oma teise ametiaja jooksul on Trump teinud sarnase \u00e4hvarduse ka Mehhikole, kui ta teatas plaanist muuta Mehhiko lahe nimi \u201eAmeerika laheks\u201c. Hiljem allkirjastas ta vastavasisulise korralduse ja nimemuutust hakati kasutama f\u00f6deraaltasandi viidetes.<\/p>\n<p>Kuidas see lugu Sind end tundma pani?Saada<a href=\"https:\/\/www.delfi.ee\/artikkel\/120606093\/kaubandusvaidlus-kanadaga-kogub-tuure-trump-ahvardas-nimetada-ontario-jarve-ameerika-jarveks\/kommentaarid\" class=\"button button--primary button--size-auto article-body-bottom__comment article-body-bottom__comment--write\" style=\"\" rel=\"nofollow noopener\" target=\"_blank\">Kommenteeri<\/a><a href=\"https:\/\/www.delfi.ee\/artikkel\/120606093\/kaubandusvaidlus-kanadaga-kogub-tuure-trump-ahvardas-nimetada-ontario-jarve-ameerika-jarveks\/kommentaarid\" class=\"button button--size-auto article-body-bottom__comment article-body-bottom__comment--read\" style=\"\" rel=\"nofollow noopener\" target=\"_blank\">Loe kommentaare (3)<\/a><\/p>\n","protected":false},"excerpt":{"rendered":"\u201eAmeerika \u00dchendriigid kaaluvad t\u00f5siselt Ontario j\u00e4rve nime muutmist Ameerika j\u00e4rveks, kuna me ei eelda, et teeme Ontarioga edaspidi&hellip;\n","protected":false},"author":2,"featured_media":260747,"comment_status":"","ping_status":"","sticky":false,"template":"","format":"standard","meta":{"footnotes":"","_share_on_mastodon":"0"},"categories":[14],"tags":[131,130,324,37,33,35,34,36,1554,13651,1555,4502,325],"class_list":["post-260746","post","type-post","status-publish","format-standard","has-post-thumbnail","category-ari","tag-ari","tag-business","tag-donald-trump","tag-ee","tag-eesti","tag-eesti-keel","tag-estonia","tag-estonian","tag-kanada","tag-kaubandussoda","tag-mark-carney","tag-tollimaksud","tag-usa"],"share_on_mastodon":{"url":"https:\/\/pubeurope.com\/@ee\/117157370835326689","error":""},"_links":{"self":[{"href":"https:\/\/www.europesays.com\/ee\/wp-json\/wp\/v2\/posts\/260746","targetHints":{"allow":["GET"]}}],"collection":[{"href":"https:\/\/www.europesays.com\/ee\/wp-json\/wp\/v2\/posts"}],"about":[{"href":"https:\/\/www.europesays.com\/ee\/wp-json\/wp\/v2\/types\/post"}],"author":[{"embeddable":true,"href":"https:\/\/www.europesays.com\/ee\/wp-json\/wp\/v2\/users\/2"}],"replies":[{"embeddable":true,"href":"https:\/\/www.europesays.com\/ee\/wp-json\/wp\/v2\/comments?post=260746"}],"version-history":[{"count":0,"href":"https:\/\/www.europesays.com\/ee\/wp-json\/wp\/v2\/posts\/260746\/revisions"}],"wp:featuredmedia":[{"embeddable":true,"href":"https:\/\/www.europesays.com\/ee\/wp-json\/wp\/v2\/media\/260747"}],"wp:attachment":[{"href":"https:\/\/www.europesays.com\/ee\/wp-json\/wp\/v2\/media?parent=260746"}],"wp:term":[{"taxonomy":"category","embeddable":true,"href":"https:\/\/www.europesays.com\/ee\/wp-json\/wp\/v2\/categories?post=260746"},{"taxonomy":"post_tag","embeddable":true,"href":"https:\/\/www.europesays.com\/ee\/wp-json\/wp\/v2\/tags?post=260746"}],"curies":[{"name":"wp","href":"https:\/\/api.w.org\/{rel}","templated":true}]}}