{"id":260760,"date":"2026-08-25T18:10:07","date_gmt":"2026-08-25T18:10:07","guid":{"rendered":"https:\/\/www.europesays.com\/ee\/260760\/"},"modified":"2026-08-25T18:10:07","modified_gmt":"2026-08-25T18:10:07","slug":"eesti-u-18-pussivoistkond-voitis-kodusel-em-il-hobemedali-laskmine","status":"publish","type":"post","link":"https:\/\/www.europesays.com\/ee\/260760\/","title":{"rendered":"Eesti U-18 p\u00fcssiv\u00f5istkond v\u00f5itis kodusel EM-il h\u00f5bemedali | Laskmine"},"content":{"rendered":"<p>M\u00e4nnikul toimunud laskespordi U-18 vanuseklassi Euroopa meistriv\u00f5istluste viimasel p\u00e4eval n\u00e4itasid Eesti laskesportlased k\u00f5rget taset. Viimaseks alaks oli 50 meetri p\u00fcssi harjutus kolmest asendist, kus Eesti v\u00f5istkond p\u00e4\u00e4ses kuldmedalimat\u0161i.<\/p>\n<p>Eesti v\u00f5istkonnas v\u00f5istlesid p\u00e4ev varem Euroopa meistriks tulnud Olesja Issat\u0161enkova ja Robin Kahre. Vastaseks saadi kvalifikatsiooniv\u00f5istlusel parimat tulemust n\u00e4idanud T\u0161ehhi v\u00f5istkond (Marie Pinova ja Matej Ledvina). Hoolimata pealtvaatajate tormilisest toetusest pidi koduv\u00f5istkond esikohamat\u0161is T\u0161ehhile alla vanduma tulemusega 7:17.\u00a0<\/p>\n<p>Ukraina ja Poola v\u00f5istkonnad pidasid pronksimat\u0161is maha m\u00e4rksa pingelisema ja tasav\u00e4gisema lahingu, tasav\u00e4gise mat\u0161i j\u00e4rel osutus Ukraina v\u00f5istkond paremaks punktidega 17:11.<\/p>\n<p>25 m p\u00fcstoli segapaaride v\u00f5istlusel saavutasid Dana Vassel ja Jonuks Lepo kvalifikatsiooniv\u00f5istlusel kolmanda koha, kohe Ungari ja Ukraina paaride j\u00e4rel. Pronksimat\u0161is tuli Eesti paarile vastu Ungari teine v\u00f5istkond (Agnes Zsigmond-Selyeby\/Zsombor Gelelcser) ning tasav\u00e4gise mat\u0161i v\u00f5itja selgus otsustava seeriaga. Eestlased kogusid seal neli punkti ungarlaste viie vastu ning ning nii r\u00e4ndasid pronksmedalid l\u00f5puks Ungarisse tulemusega 13:11.<\/p>\n<p>Viimasel v\u00f5istlusp\u00e4eval selgusid v\u00f5itjad segapaaride harjutuses, kus v\u00f5istkonna moodustasid \u00fcks naislaskur ja \u00fcks meeslaskur.<\/p>\n","protected":false},"excerpt":{"rendered":"M\u00e4nnikul toimunud laskespordi U-18 vanuseklassi Euroopa meistriv\u00f5istluste viimasel p\u00e4eval n\u00e4itasid Eesti laskesportlased k\u00f5rget taset. Viimaseks alaks oli 50&hellip;\n","protected":false},"author":2,"featured_media":260761,"comment_status":"","ping_status":"","sticky":false,"template":"","format":"standard","meta":{"footnotes":"","_share_on_mastodon":"0"},"categories":[18],"tags":[37,33,35,34,36,172,983,1513,2828,159,158,2826,2827,1442],"class_list":["post-260760","post","type-post","status-publish","format-standard","has-post-thumbnail","category-sport","tag-ee","tag-eesti","tag-eesti-keel","tag-estonia","tag-estonian","tag-jalgpall","tag-kergejoustik","tag-korvpall","tag-ralli","tag-sport","tag-sports","tag-talisport","tag-tennis","tag-vorkpall"],"share_on_mastodon":{"url":"https:\/\/pubeurope.com\/@ee\/117157496633237759","error":""},"_links":{"self":[{"href":"https:\/\/www.europesays.com\/ee\/wp-json\/wp\/v2\/posts\/260760","targetHints":{"allow":["GET"]}}],"collection":[{"href":"https:\/\/www.europesays.com\/ee\/wp-json\/wp\/v2\/posts"}],"about":[{"href":"https:\/\/www.europesays.com\/ee\/wp-json\/wp\/v2\/types\/post"}],"author":[{"embeddable":true,"href":"https:\/\/www.europesays.com\/ee\/wp-json\/wp\/v2\/users\/2"}],"replies":[{"embeddable":true,"href":"https:\/\/www.europesays.com\/ee\/wp-json\/wp\/v2\/comments?post=260760"}],"version-history":[{"count":0,"href":"https:\/\/www.europesays.com\/ee\/wp-json\/wp\/v2\/posts\/260760\/revisions"}],"wp:featuredmedia":[{"embeddable":true,"href":"https:\/\/www.europesays.com\/ee\/wp-json\/wp\/v2\/media\/260761"}],"wp:attachment":[{"href":"https:\/\/www.europesays.com\/ee\/wp-json\/wp\/v2\/media?parent=260760"}],"wp:term":[{"taxonomy":"category","embeddable":true,"href":"https:\/\/www.europesays.com\/ee\/wp-json\/wp\/v2\/categories?post=260760"},{"taxonomy":"post_tag","embeddable":true,"href":"https:\/\/www.europesays.com\/ee\/wp-json\/wp\/v2\/tags?post=260760"}],"curies":[{"name":"wp","href":"https:\/\/api.w.org\/{rel}","templated":true}]}}