{"id":260778,"date":"2026-08-25T18:36:15","date_gmt":"2026-08-25T18:36:15","guid":{"rendered":"https:\/\/www.europesays.com\/ee\/260778\/"},"modified":"2026-08-25T18:36:15","modified_gmt":"2026-08-25T18:36:15","slug":"1600-pohikooli-lopetanut-pole-veel-leidnud-uut-oppekohta-err","status":"publish","type":"post","link":"https:\/\/www.europesays.com\/ee\/260778\/","title":{"rendered":"1600 p\u00f5hikooli l\u00f5petanut pole veel leidnud uut \u00f5ppekohta &#8211; ERR"},"content":{"rendered":"<ol>\n<li><a href=\"https:\/\/news.google.com\/rss\/articles\/CBMijwFBVV95cUxQZ3RCQWpDdXgxMkZPdGlfVm1oc3g0TVhaazJ3el8tZ2hBbFNqRVE2ZEp6MWJvRXZ4VWoxWjUxS19jbE9fbDNVVGFNOUFId1g1VDd6SGl3alpZbkpiX0FpRGdIcXAyMDNycEY4WS15MUtJYzhmWlloMGJNSWhNT1FOTEs0ekxaVDNVVkJabTR6TQ?oc=5\" target=\"_blank\" rel=\"nofollow noopener\">1600 p\u00f5hikooli l\u00f5petanut pole veel leidnud uut \u00f5ppekohta<\/a>&nbsp;&nbsp;ERR<\/li>\n<li><a href=\"https:\/\/news.google.com\/rss\/articles\/CBMi2AFBVV95cUxQZVpJbGVxaHhIcF85Q0JzZ09oejd0Yks0eDhyTGxBREg4eTM3ZHRud2NXTzFhYTAzbTVWUVQwczFfU0NkSXNqZHRkY0k5c01EWk9PeVctRC1qdkltSXFYM0dCb0hpUVFYWTZJNXhveThtSElMNUxCSzFMaTV3Q0ZLVmhmZHlJcEtBaFNYOF9tMUFmN1ROdnlRZU5vWTBVeTh0dkpDVDZfVzBlSlExUGNoUWhzTDQzbkVvSGx6NFdoYTZTX2o2d0g5S0pqQV9WRVpHYkdoSUpKcHc?oc=5\" target=\"_blank\" rel=\"nofollow noopener\">\u201eMu poeg on juba k\u00e4ega l\u00f6\u00f6nud.\u201c Koolikohata noore ema: \u00fckski \u00fcheksandik ei peaks tundma, et teda pole kuskile vaja<\/a>&nbsp;&nbsp;\u00d5htuleht<\/li>\n<li><a href=\"https:\/\/news.google.com\/rss\/articles\/CBMiqAFBVV95cUxQRm1PM2ZDVWlydmZuR09DbHRVV1N1a1VWZ1hNRnFEODdxRjBDbWlTeVp1S3JTNzZXaGNTeWlud2w3OVlMTGxTOFhSenp6bkU5bzZBck0xYXlIZ3NWZy1xQXVYaEFTdDlMQjBxMDYwSWRnTUhVazdqclNtc2FhVVNkMFlNNXB6QlZNVVoyV0VPRzhMZTg2b2RKbm1DSkxGWVpQNUl1NzBhcjU?oc=5\" target=\"_blank\" rel=\"nofollow noopener\">Delfi<\/a>&nbsp;&nbsp;Delfi<\/li>\n<li><a href=\"https:\/\/news.google.com\/rss\/articles\/CBMijAFBVV95cUxOTnVGRWRMUTMwUHRGLWtqN0ZQUVY3aXR0eGdzVmpyd0dZUEFwLXVYSHM4T0QzLWQtTnVnVlhxQWJ4OFZnSzhnamlFdU9LenpyTTZwMk5kOTJvNlhNdDd1c0U0MnNCaWg4TUNOc09BT1dUa0JkWTFJQlg4ZTExQjJWMl9DbnBYaXhDTUlPVw?oc=5\" target=\"_blank\" rel=\"nofollow noopener\">Sadakond noort tartlast pole veel koolinimekirjas<\/a>&nbsp;&nbsp;Tartu Postimees<\/li>\n<li><a href=\"https:\/\/news.google.com\/rss\/articles\/CBMitgFBVV95cUxOT3FEaHpQekhBUk9FeVE3WkhwTHpOSTQwZmJnOWloRXBqRE44OFp1SzNST1RiZWIxV0RMNE5PMVFFNGdNVTRMZV9pSU96R3BLNEVZUUN5WnlFbWdBbWg4cTlJWkhGNmxTWHduTzNEbmNMWUtkeXM3VlFoUnBBWV9INnU2Znl5cElXd1ZLQWEzajBsLXNGTFdJTmgzcGZBdHAtSFpEeGRCT1d3SVBIdTFFOHFBSnZsZw?oc=5\" target=\"_blank\" rel=\"nofollow noopener\">TV3 uudised: \u00f5ppeaasta alguseks pole koolikohta veel ligi 1600-l lapsel<\/a>&nbsp;&nbsp;tv3.ee<\/li>\n<\/ol>\n","protected":false},"excerpt":{"rendered":"1600 p\u00f5hikooli l\u00f5petanut pole veel leidnud uut \u00f5ppekohta&nbsp;&nbsp;ERR \u201eMu poeg on juba k\u00e4ega l\u00f6\u00f6nud.\u201c Koolikohata noore ema: \u00fckski&hellip;\n","protected":false},"author":2,"featured_media":260779,"comment_status":"","ping_status":"","sticky":false,"template":"","format":"standard","meta":{"footnotes":"","_share_on_mastodon":"0"},"categories":[5],"tags":[71,26,27,37,33,35,34,36,31,32,21,28,29,19,999,25,23,24,22,20,1084,30],"class_list":["post-260778","post","type-post","status-publish","format-standard","has-post-thumbnail","category-uldised-uudised","tag-arvamus","tag-breaking-news","tag-breakingnews","tag-ee","tag-eesti","tag-eesti-keel","tag-estonia","tag-estonian","tag-featured-news","tag-featurednews","tag-headlines","tag-latest-news","tag-latestnews","tag-news","tag-poliitika","tag-populaarseimad-lood","tag-top-stories","tag-topstories","tag-uldised-uudised","tag-uudised","tag-valismaa","tag-viimased-uudised"],"share_on_mastodon":{"url":"https:\/\/pubeurope.com\/@ee\/117157598417110516","error":""},"_links":{"self":[{"href":"https:\/\/www.europesays.com\/ee\/wp-json\/wp\/v2\/posts\/260778","targetHints":{"allow":["GET"]}}],"collection":[{"href":"https:\/\/www.europesays.com\/ee\/wp-json\/wp\/v2\/posts"}],"about":[{"href":"https:\/\/www.europesays.com\/ee\/wp-json\/wp\/v2\/types\/post"}],"author":[{"embeddable":true,"href":"https:\/\/www.europesays.com\/ee\/wp-json\/wp\/v2\/users\/2"}],"replies":[{"embeddable":true,"href":"https:\/\/www.europesays.com\/ee\/wp-json\/wp\/v2\/comments?post=260778"}],"version-history":[{"count":0,"href":"https:\/\/www.europesays.com\/ee\/wp-json\/wp\/v2\/posts\/260778\/revisions"}],"wp:featuredmedia":[{"embeddable":true,"href":"https:\/\/www.europesays.com\/ee\/wp-json\/wp\/v2\/media\/260779"}],"wp:attachment":[{"href":"https:\/\/www.europesays.com\/ee\/wp-json\/wp\/v2\/media?parent=260778"}],"wp:term":[{"taxonomy":"category","embeddable":true,"href":"https:\/\/www.europesays.com\/ee\/wp-json\/wp\/v2\/categories?post=260778"},{"taxonomy":"post_tag","embeddable":true,"href":"https:\/\/www.europesays.com\/ee\/wp-json\/wp\/v2\/tags?post=260778"}],"curies":[{"name":"wp","href":"https:\/\/api.w.org\/{rel}","templated":true}]}}