{"id":260784,"date":"2026-08-25T18:47:11","date_gmt":"2026-08-25T18:47:11","guid":{"rendered":"https:\/\/www.europesays.com\/ee\/260784\/"},"modified":"2026-08-25T18:47:11","modified_gmt":"2026-08-25T18:47:11","slug":"kolmapaeval-sajab-uksikutes-kohtades-hoovihma-ilm","status":"publish","type":"post","link":"https:\/\/www.europesays.com\/ee\/260784\/","title":{"rendered":"Kolmap\u00e4eval sajab \u00fcksikutes kohtades hoovihma | ilm"},"content":{"rendered":"<p>Kolmap\u00e4eval laieneb k\u00f5rgr\u00f5huala Skandinaaviast servaga \u00fcle L\u00e4\u00e4nemere ja selle all on \u00f6\u00f6sel taevas selge ja ilm sajuta. P\u00e4eva peale arenevaist pilvedest sajab \u00fcksikuis paigus hoovihma ning tuul vaibub. \u00d5hutemperatuur sisemaal langeb \u00f6\u00f6sel alla 10 kraadi, p\u00e4eval t\u00f5useb 20 kraadi l\u00e4hedale.<\/p>\n<p>\u00d6\u00f6 tuleb selge v\u00f5i v\u00e4hese, kohati vahelduva pilvisusega ja sajuta. Paiguti on udu. Tuul on n\u00f5rk ja muutlik, \u00f6\u00f6 hakul puhub rannikul p\u00f5hjakaarest 2-8 m\/s. Sooja on 5 kuni 11, rannikul kuni 15 kraadi.<\/p>\n<p>Kolmap\u00e4eva hommik on laialdaselt selge ja ilm sajuta ning kohati on udu. Puhub n\u00f5rk p\u00f5hjakaare tuul ja sooja on 11 kuni 16 kraadi.<\/p>\n<p>P\u00e4ev on v\u00e4hese ja vahelduva pilvisusega ja \u00fcksikutes kohtades sajab hoovihma. Tuul puhub valdavalt p\u00f5hjakaarest 1-7 m\/s ja sooja on 17 kuni 22 kraadi.<\/p>\n<p>\u00d5htul on pilvi v\u00e4he ja ilm olulise sajuta. Tuul puhub p\u00f5hjakaarest 1 kuni 7 m\/s ning \u00f5husoe j\u00e4\u00e4b vahemikku 15 kuni 18 kraadi.<\/p>\n<p>N\u00e4dala teises pooles l\u00e4heb \u00f5hk soojemaks ja ilm on kuivem. Neljap\u00e4ev tuleb enamasti sajuta, tuul on n\u00f5rk ning \u00f5husoe j\u00e4\u00e4b \u00f6\u00f6sel vahemikku 6 kuni 15 kraadi, p\u00e4eval on sooja 18 kuni 22 kraadi.<\/p>\n<p>Ka reede \u00f6\u00f6 on k\u00f5rgr\u00f5huala m\u00f5jul sajuta ja udune. P\u00e4ev on pilver\u00fcnkadega, mis suuremat sadu ei anna, aga n\u00f5rk vihmarabin on v\u00f5imalik. Muutliku suunaga tuul on mandril n\u00f5rk, saartel tasapisi tugevnev. Laup\u00e4evaks j\u00f5uab saartele vihmarabinaid, aga mandril p\u00fcsib ilm veel suurema sajuta. Kagutuul tugevneb ning p\u00e4evane \u00f5husoe t\u00f5useb kuni 23 kraadini. P\u00fchap\u00e4eva \u00f6\u00f6sel levib sadu saartelt edasi mandrile ning p\u00e4eval sajab juba mitmel pool.<\/p>\n","protected":false},"excerpt":{"rendered":"Kolmap\u00e4eval laieneb k\u00f5rgr\u00f5huala Skandinaaviast servaga \u00fcle L\u00e4\u00e4nemere ja selle all on \u00f6\u00f6sel taevas selge ja ilm sajuta. P\u00e4eva&hellip;\n","protected":false},"author":2,"featured_media":260785,"comment_status":"","ping_status":"","sticky":false,"template":"","format":"standard","meta":{"footnotes":"","_share_on_mastodon":"0"},"categories":[5],"tags":[71,26,27,37,33,35,34,36,31,32,21,28,29,19,999,25,23,24,22,20,1084,30],"class_list":["post-260784","post","type-post","status-publish","format-standard","has-post-thumbnail","category-uldised-uudised","tag-arvamus","tag-breaking-news","tag-breakingnews","tag-ee","tag-eesti","tag-eesti-keel","tag-estonia","tag-estonian","tag-featured-news","tag-featurednews","tag-headlines","tag-latest-news","tag-latestnews","tag-news","tag-poliitika","tag-populaarseimad-lood","tag-top-stories","tag-topstories","tag-uldised-uudised","tag-uudised","tag-valismaa","tag-viimased-uudised"],"share_on_mastodon":{"url":"https:\/\/pubeurope.com\/@ee\/117157641749995082","error":""},"_links":{"self":[{"href":"https:\/\/www.europesays.com\/ee\/wp-json\/wp\/v2\/posts\/260784","targetHints":{"allow":["GET"]}}],"collection":[{"href":"https:\/\/www.europesays.com\/ee\/wp-json\/wp\/v2\/posts"}],"about":[{"href":"https:\/\/www.europesays.com\/ee\/wp-json\/wp\/v2\/types\/post"}],"author":[{"embeddable":true,"href":"https:\/\/www.europesays.com\/ee\/wp-json\/wp\/v2\/users\/2"}],"replies":[{"embeddable":true,"href":"https:\/\/www.europesays.com\/ee\/wp-json\/wp\/v2\/comments?post=260784"}],"version-history":[{"count":0,"href":"https:\/\/www.europesays.com\/ee\/wp-json\/wp\/v2\/posts\/260784\/revisions"}],"wp:featuredmedia":[{"embeddable":true,"href":"https:\/\/www.europesays.com\/ee\/wp-json\/wp\/v2\/media\/260785"}],"wp:attachment":[{"href":"https:\/\/www.europesays.com\/ee\/wp-json\/wp\/v2\/media?parent=260784"}],"wp:term":[{"taxonomy":"category","embeddable":true,"href":"https:\/\/www.europesays.com\/ee\/wp-json\/wp\/v2\/categories?post=260784"},{"taxonomy":"post_tag","embeddable":true,"href":"https:\/\/www.europesays.com\/ee\/wp-json\/wp\/v2\/tags?post=260784"}],"curies":[{"name":"wp","href":"https:\/\/api.w.org\/{rel}","templated":true}]}}