{"id":260796,"date":"2026-08-25T19:29:08","date_gmt":"2026-08-25T19:29:08","guid":{"rendered":"https:\/\/www.europesays.com\/ee\/260796\/"},"modified":"2026-08-25T19:29:08","modified_gmt":"2026-08-25T19:29:08","slug":"slovakkia-politsei-nurjas-suutamisrunnaku-droonitootja-vastu-valismaa","status":"publish","type":"post","link":"https:\/\/www.europesays.com\/ee\/260796\/","title":{"rendered":"Slovakkia politsei nurjas s\u00fc\u00fctamisr\u00fcnnaku droonitootja vastu | V\u00e4lismaa"},"content":{"rendered":"<p>Slovakkia politsei nurjas riigi idaosas droonitootmistehase vastu kavandatud s\u00fc\u00fctamisr\u00fcnnaku ning vahistas kolm inimest, teatas politsei teisip\u00e4eval.<\/p>\n<p>Slovakkias peeti kinni kaks ja\u00a0 Saksamaal \u00fcks kahtlustatav, keda s\u00fc\u00fcdistatakse r\u00fcnnaku ettevalmistamises, teatas politsei Facebooki postituses, lisades, et keegi neist ei olnud Slovakkia kodanik.<\/p>\n<p>Politsei teatas, et nad tegutsesid Slovakkia luureteenistuse teabe alusel.<\/p>\n<p>&#8220;Kui r\u00fcnnak oleks toimunud, v\u00f5inuks see p\u00f5hjustada ulatusliku tulekahju,&#8221; teatas politsei, kelle hinnangul oleks ohtu sattunud ligikaudu 70 t\u00f6\u00f6tajat ning kahjustada saanud k\u00fcmnete miljonite eurode v\u00e4\u00e4rtuses vara.<\/p>\n<p>Politsei ei jaganud AFP-le t\u00e4iendavaid \u00fcksikasju.<\/p>\n<p>Slovakkias toodavad droone mitmed ettev\u00f5tted, sealhulgas Ukraina firma Skyeton.<\/p>\n","protected":false},"excerpt":{"rendered":"Slovakkia politsei nurjas riigi idaosas droonitootmistehase vastu kavandatud s\u00fc\u00fctamisr\u00fcnnaku ning vahistas kolm inimest, teatas politsei teisip\u00e4eval. Slovakkias peeti&hellip;\n","protected":false},"author":2,"featured_media":260797,"comment_status":"","ping_status":"","sticky":false,"template":"","format":"standard","meta":{"footnotes":"","_share_on_mastodon":"0"},"categories":[80],"tags":[26,27,1274,37,33,35,34,36,31,32,21,28,29,95,19,25,51,1350,23,24,262,22,20,96,30,92,93,94],"class_list":["post-260796","post","type-post","status-publish","format-standard","has-post-thumbnail","category-maailm","tag-breaking-news","tag-breakingnews","tag-droonid","tag-ee","tag-eesti","tag-eesti-keel","tag-estonia","tag-estonian","tag-featured-news","tag-featurednews","tag-headlines","tag-latest-news","tag-latestnews","tag-maailm","tag-news","tag-populaarseimad-lood","tag-saksamaa","tag-slovakkia","tag-top-stories","tag-topstories","tag-ukraina","tag-uldised-uudised","tag-uudised","tag-venemaa","tag-viimased-uudised","tag-world","tag-world-news","tag-worldnews"],"share_on_mastodon":{"url":"https:\/\/pubeurope.com\/@ee\/117157807116423948","error":""},"_links":{"self":[{"href":"https:\/\/www.europesays.com\/ee\/wp-json\/wp\/v2\/posts\/260796","targetHints":{"allow":["GET"]}}],"collection":[{"href":"https:\/\/www.europesays.com\/ee\/wp-json\/wp\/v2\/posts"}],"about":[{"href":"https:\/\/www.europesays.com\/ee\/wp-json\/wp\/v2\/types\/post"}],"author":[{"embeddable":true,"href":"https:\/\/www.europesays.com\/ee\/wp-json\/wp\/v2\/users\/2"}],"replies":[{"embeddable":true,"href":"https:\/\/www.europesays.com\/ee\/wp-json\/wp\/v2\/comments?post=260796"}],"version-history":[{"count":0,"href":"https:\/\/www.europesays.com\/ee\/wp-json\/wp\/v2\/posts\/260796\/revisions"}],"wp:featuredmedia":[{"embeddable":true,"href":"https:\/\/www.europesays.com\/ee\/wp-json\/wp\/v2\/media\/260797"}],"wp:attachment":[{"href":"https:\/\/www.europesays.com\/ee\/wp-json\/wp\/v2\/media?parent=260796"}],"wp:term":[{"taxonomy":"category","embeddable":true,"href":"https:\/\/www.europesays.com\/ee\/wp-json\/wp\/v2\/categories?post=260796"},{"taxonomy":"post_tag","embeddable":true,"href":"https:\/\/www.europesays.com\/ee\/wp-json\/wp\/v2\/tags?post=260796"}],"curies":[{"name":"wp","href":"https:\/\/api.w.org\/{rel}","templated":true}]}}