{"id":260806,"date":"2026-08-25T19:49:09","date_gmt":"2026-08-25T19:49:09","guid":{"rendered":"https:\/\/www.europesays.com\/ee\/260806\/"},"modified":"2026-08-25T19:49:09","modified_gmt":"2026-08-25T19:49:09","slug":"tiitliheitlusse-tousnud-sami-pajari-hiljutised-tulemused-ei-muuda-meie-lahenemist","status":"publish","type":"post","link":"https:\/\/www.europesays.com\/ee\/260806\/","title":{"rendered":"Tiitliheitlusse t\u00f5usnud Sami Pajari: hiljutised tulemused ei muuda meie l\u00e4henemist"},"content":{"rendered":"<p>\u201eP\u00e4rast Soome rallit on olnud tore aeg, kus saime nautida ja t\u00f5eliselt hinnata seda, mida oleme hiljuti saavutanud. N\u00fc\u00fcd keskendume eesootavatele L\u00f5una-Ameerika rallidele,\u201c \u00fctles Pajari, vahendab Rallit.fi.<\/p>\n<p>Paraguay liitus autoralli maailmameistriv\u00f5istluste kalendriga alles eelmisel aastal, seega on v\u00f5istlus k\u00f5igile tipps\u00f5itjatele veel suhteliselt uus. Pajari l\u00f5petas eelmisel aastal selle ralli kuuendal kohal. <\/p>\n<p>Soomlasele avaldas erilist muljet kohalike rallif\u00e4nnide suur entusiasm. Ka kiiruskatsed ise olid Pajari jaoks meeldivad.<\/p>\n<p>\u201eEelmisel aastal oli tore esimest korda Paraguaysse j\u00f5uda ja n\u00e4ha k\u00f5igi f\u00e4nnide entusiasmi. Sellel rallil on \u00fcsna m\u00f5nus s\u00f5ita &#8211; seal on t\u00f5eliselt kiireid teid ja suuri h\u00fcppeid, mis mulle alati meeldivad,\u201c lausus Pajari. <\/p>\n<p>Paraguay kruusateedel on aga ka teine \u200b\u200bk\u00fclg. Kiirete l\u00f5ikude tasakaalustamiseks on trassil ka rohkem tehnilisi ja kurvilisi l\u00f5ike. V\u00f5istlus v\u00f5ib L\u00f5una-Ameerikas eriti keeruliseks muutuda, kui seal hakkab sadama.<\/p>\n<p>\u201eSeal on ka t\u00f5eliselt kurvilisi teid ja vihma korral v\u00f5ib teekate muutuda uskumatult libedaks,\u201c lisas soomlane, kes on t\u00e4nu oma kahele j\u00e4rjestikusele v\u00f5idule t\u00f5usnud maailmameistriv\u00f5istlustel teisele kohale. Ta j\u00e4\u00e4b neli etappi enne hooaja l\u00f5ppu liidrist <a rel=\"noopener nofollow\" target=\"_blank\" href=\"https:\/\/www.delfi.ee\/teema\/71230759\/elfyn-evans\" tag-id=\"71230759\">Elfyn Evansist<\/a> maha 30 punktga.  <\/p>\n<p>24-aastane Pajari kavatseb hooaega j\u00e4tkata sama strateegiaga, mis on toonud suurep\u00e4raseid tulemusi kahel eelmisel etapil. <\/p>\n<p>\u201eMeie hiljutised tulemused ei muuda meie l\u00e4henemist sellele v\u00f5istlusele. Peame lihtsalt edasi pingutama ja oma t\u00f6\u00f6d v\u00f5imalikult h\u00e4sti tegema. Loodetavasti suudame j\u00e4tkuvalt h\u00e4id tulemusi saavutada,\u201c s\u00f5nas Pajari. <\/p>\n<p>Paraguay MM-ralli toimub 27.\u201330. augustini. <\/p>\n<p>Kuidas see lugu Sind end tundma pani?Saada<a href=\"https:\/\/sport.delfi.ee\/artikkel\/120606071\/tiitliheitlusse-tousnud-sami-pajari-hiljutised-tulemused-ei-muuda-meie-lahenemist\/kommentaarid\" class=\"button button--primary button--size-auto article-body-bottom__comment article-body-bottom__comment--write\" style=\"\" rel=\"nofollow noopener\" target=\"_blank\">Kommenteeri<\/a><a href=\"https:\/\/sport.delfi.ee\/artikkel\/120606071\/tiitliheitlusse-tousnud-sami-pajari-hiljutised-tulemused-ei-muuda-meie-lahenemist\/kommentaarid\" class=\"button button--size-auto article-body-bottom__comment article-body-bottom__comment--read\" style=\"\" rel=\"nofollow noopener\" target=\"_blank\">Loe kommentaare <\/a><\/p>\n","protected":false},"excerpt":{"rendered":"\u201eP\u00e4rast Soome rallit on olnud tore aeg, kus saime nautida ja t\u00f5eliselt hinnata seda, mida oleme hiljuti saavutanud.&hellip;\n","protected":false},"author":2,"featured_media":260807,"comment_status":"","ping_status":"","sticky":false,"template":"","format":"standard","meta":{"footnotes":"","_share_on_mastodon":"0"},"categories":[18],"tags":[37,33,35,3307,34,36,1523,6863,159,158,1192],"class_list":["post-260806","post","type-post","status-publish","format-standard","has-post-thumbnail","category-sport","tag-ee","tag-eesti","tag-eesti-keel","tag-elfyn-evans","tag-estonia","tag-estonian","tag-ott-tanak","tag-sami-pajari","tag-sport","tag-sports","tag-wrc"],"share_on_mastodon":{"url":"https:\/\/pubeurope.com\/@ee\/117157885848421453","error":""},"_links":{"self":[{"href":"https:\/\/www.europesays.com\/ee\/wp-json\/wp\/v2\/posts\/260806","targetHints":{"allow":["GET"]}}],"collection":[{"href":"https:\/\/www.europesays.com\/ee\/wp-json\/wp\/v2\/posts"}],"about":[{"href":"https:\/\/www.europesays.com\/ee\/wp-json\/wp\/v2\/types\/post"}],"author":[{"embeddable":true,"href":"https:\/\/www.europesays.com\/ee\/wp-json\/wp\/v2\/users\/2"}],"replies":[{"embeddable":true,"href":"https:\/\/www.europesays.com\/ee\/wp-json\/wp\/v2\/comments?post=260806"}],"version-history":[{"count":0,"href":"https:\/\/www.europesays.com\/ee\/wp-json\/wp\/v2\/posts\/260806\/revisions"}],"wp:featuredmedia":[{"embeddable":true,"href":"https:\/\/www.europesays.com\/ee\/wp-json\/wp\/v2\/media\/260807"}],"wp:attachment":[{"href":"https:\/\/www.europesays.com\/ee\/wp-json\/wp\/v2\/media?parent=260806"}],"wp:term":[{"taxonomy":"category","embeddable":true,"href":"https:\/\/www.europesays.com\/ee\/wp-json\/wp\/v2\/categories?post=260806"},{"taxonomy":"post_tag","embeddable":true,"href":"https:\/\/www.europesays.com\/ee\/wp-json\/wp\/v2\/tags?post=260806"}],"curies":[{"name":"wp","href":"https:\/\/api.w.org\/{rel}","templated":true}]}}