{"id":26081,"date":"2025-10-23T15:31:18","date_gmt":"2025-10-23T15:31:18","guid":{"rendered":"https:\/\/www.europesays.com\/ee\/26081\/"},"modified":"2025-10-23T15:31:18","modified_gmt":"2025-10-23T15:31:18","slug":"venemaal-rjazanis-toimusid-plahvatused-naftatootlemistehase-ja-lennuvalja-piirkonnas","status":"publish","type":"post","link":"https:\/\/www.europesays.com\/ee\/26081\/","title":{"rendered":"Venemaal Rjazanis toimusid plahvatused naftat\u00f6\u00f6tlemistehase ja lennuv\u00e4lja piirkonnas"},"content":{"rendered":"<p>Telegrami kanal \u201eShot\u201c teatas, et plahvatused toimusid Rjazanis ja Skopini linnas. Plahvatusi oli v\u00e4hemalt k\u00fcmme. \u201eShoti\u201c teatel t\u00f6\u00f6tas Vene \u00f5hut\u00f5rje, mist\u00f5ttu tabamusi ja purustusi v\u00e4idetavalt ei ole.<\/p>\n<p>Siiski ilmusid internetti videod tulekahjudest. <a rel=\"noopener nofollow\" target=\"_blank\" href=\"https:\/\/www.delfi.ee\/teema\/25048531\/ukraina\" tag-id=\"25048531\">Ukraina<\/a> vaatluskanal \u201eExilenova+\u201c teatas, et plahvatused toimusid naftat\u00f6\u00f6tlemistehase ja Djagilevo lennuv\u00e4lja piirkonnas.<\/p>\n<p>Rjazani oblasti kuberner Pavel Malkov teatas Telegramis, et p\u00e4rast allatulistatud drooni t\u00fckkide allakukkumist puhkes tulekahju \u00fches ettev\u00f5ttes. Kannatanuid tema s\u00f5nul ei ole ja materiaalset kahju hinnatakse.<\/p>\n<p>    Kuidas see lugu Sind end tundma pani?<br \/>\n        Saada<\/p>\n","protected":false},"excerpt":{"rendered":"Telegrami kanal \u201eShot\u201c teatas, et plahvatused toimusid Rjazanis ja Skopini linnas. Plahvatusi oli v\u00e4hemalt k\u00fcmme. \u201eShoti\u201c teatel t\u00f6\u00f6tas&hellip;\n","protected":false},"author":2,"featured_media":26082,"comment_status":"","ping_status":"","sticky":false,"template":"","format":"standard","meta":{"footnotes":"","_share_on_mastodon":"0"},"categories":[80],"tags":[26,27,37,33,35,34,36,31,32,21,28,29,95,19,25,14210,107,23,24,262,22,20,96,30,92,93,94],"class_list":["post-26081","post","type-post","status-publish","format-standard","has-post-thumbnail","category-maailm","tag-breaking-news","tag-breakingnews","tag-ee","tag-eesti","tag-eesti-keel","tag-estonia","tag-estonian","tag-featured-news","tag-featurednews","tag-headlines","tag-latest-news","tag-latestnews","tag-maailm","tag-news","tag-populaarseimad-lood","tag-rjazan","tag-soda-ukrainas","tag-top-stories","tag-topstories","tag-ukraina","tag-uldised-uudised","tag-uudised","tag-venemaa","tag-viimased-uudised","tag-world","tag-world-news","tag-worldnews"],"share_on_mastodon":{"url":"https:\/\/pubeurope.com\/@ee\/115424204099546282","error":""},"_links":{"self":[{"href":"https:\/\/www.europesays.com\/ee\/wp-json\/wp\/v2\/posts\/26081","targetHints":{"allow":["GET"]}}],"collection":[{"href":"https:\/\/www.europesays.com\/ee\/wp-json\/wp\/v2\/posts"}],"about":[{"href":"https:\/\/www.europesays.com\/ee\/wp-json\/wp\/v2\/types\/post"}],"author":[{"embeddable":true,"href":"https:\/\/www.europesays.com\/ee\/wp-json\/wp\/v2\/users\/2"}],"replies":[{"embeddable":true,"href":"https:\/\/www.europesays.com\/ee\/wp-json\/wp\/v2\/comments?post=26081"}],"version-history":[{"count":0,"href":"https:\/\/www.europesays.com\/ee\/wp-json\/wp\/v2\/posts\/26081\/revisions"}],"wp:featuredmedia":[{"embeddable":true,"href":"https:\/\/www.europesays.com\/ee\/wp-json\/wp\/v2\/media\/26082"}],"wp:attachment":[{"href":"https:\/\/www.europesays.com\/ee\/wp-json\/wp\/v2\/media?parent=26081"}],"wp:term":[{"taxonomy":"category","embeddable":true,"href":"https:\/\/www.europesays.com\/ee\/wp-json\/wp\/v2\/categories?post=26081"},{"taxonomy":"post_tag","embeddable":true,"href":"https:\/\/www.europesays.com\/ee\/wp-json\/wp\/v2\/tags?post=26081"}],"curies":[{"name":"wp","href":"https:\/\/api.w.org\/{rel}","templated":true}]}}