{"id":260880,"date":"2026-08-25T22:11:26","date_gmt":"2026-08-25T22:11:26","guid":{"rendered":"https:\/\/www.europesays.com\/ee\/260880\/"},"modified":"2026-08-25T22:11:26","modified_gmt":"2026-08-25T22:11:26","slug":"see-kumme-aastat-on-paris-rets-olnud-liina-raud-avaldas-miks-otsustas-ameerikast-eestisse-tagasi-tulla","status":"publish","type":"post","link":"https:\/\/www.europesays.com\/ee\/260880\/","title":{"rendered":"\u201eSee k\u00fcmme aastat on p\u00e4ris rets olnud.\u201c Liina Raud avaldas, miks otsustas Ameerikast Eestisse tagasi tulla"},"content":{"rendered":"<p>Star FM-i raadioh\u00e4\u00e4l Pille Minev juhtis Liina Rauaga vesteldes alustuseks t\u00e4helepanu sellele, et kui alles hiljuti oli ta r\u00e4\u00e4kinud \u00fches raadiointervjuus, et on tagasi minemas Ameerika \u00dchendriikidesse, siis n\u00fc\u00fcd on ta \u00fcsna spontaanselt oma otsust muutnud. \u201eJaa, tuli v\u00e4ga spontaanselt!\u201c s\u00f5nas Liina esmalt.<\/p>\n<p>\u201eMa arvan, et p\u00f5hjus on lihtsalt selline, et tegin \u00e4ra selle oma k\u00fcmme aastat. Niisugune decade on eemal oldud ja proovitud siis igasuguste teistpidi huvitavate asjadega tegeleda. Ja oh my god, see k\u00fcmme aastat on p\u00e4ris rets olnud,\u201c r\u00e4\u00e4kis Ameerika \u00dchendriikidest kodumaale tulnud Liina veel. Ta r\u00e4\u00e4kis, et USA-s avanenud uksi ta ei sulge ja p\u00fc\u00fcab edasi ehitada seda, mida seal alustas. <\/p>\n<p><a href=\"https:\/\/kroonika.delfi.ee\/artikkel\/120605858\/see-kumme-aastat-on-paris-rets-olnud-liina-raud-avaldas-miks-otsustas-ameerikast-eestisse-tagasi-tulla\/kommentaarid\" class=\"button button--primary button--size-auto article-body-bottom__comment article-body-bottom__comment--write\" style=\"\" rel=\"nofollow noopener\" target=\"_blank\">Kommenteeri<\/a><a href=\"https:\/\/kroonika.delfi.ee\/artikkel\/120605858\/see-kumme-aastat-on-paris-rets-olnud-liina-raud-avaldas-miks-otsustas-ameerikast-eestisse-tagasi-tulla\/kommentaarid\" class=\"button button--size-auto article-body-bottom__comment article-body-bottom__comment--read\" style=\"\" rel=\"nofollow noopener\" target=\"_blank\">Loe kommentaare (33)<\/a><\/p>\n","protected":false},"excerpt":{"rendered":"Star FM-i raadioh\u00e4\u00e4l Pille Minev juhtis Liina Rauaga vesteldes alustuseks t\u00e4helepanu sellele, et kui alles hiljuti oli ta&hellip;\n","protected":false},"author":2,"featured_media":260881,"comment_status":"","ping_status":"","sticky":false,"template":"","format":"standard","meta":{"footnotes":"","_share_on_mastodon":"0"},"categories":[16],"tags":[587,37,33,35,173,34,36,4632,140,1245],"class_list":["post-260880","post","type-post","status-publish","format-standard","has-post-thumbnail","category-meelelahutus","tag-ameerika-uhendriigid","tag-ee","tag-eesti","tag-eesti-keel","tag-entertainment","tag-estonia","tag-estonian","tag-liina-raud","tag-meelelahutus","tag-mihkel-raud"],"share_on_mastodon":{"url":"https:\/\/pubeurope.com\/@ee\/117158444083702463","error":""},"_links":{"self":[{"href":"https:\/\/www.europesays.com\/ee\/wp-json\/wp\/v2\/posts\/260880","targetHints":{"allow":["GET"]}}],"collection":[{"href":"https:\/\/www.europesays.com\/ee\/wp-json\/wp\/v2\/posts"}],"about":[{"href":"https:\/\/www.europesays.com\/ee\/wp-json\/wp\/v2\/types\/post"}],"author":[{"embeddable":true,"href":"https:\/\/www.europesays.com\/ee\/wp-json\/wp\/v2\/users\/2"}],"replies":[{"embeddable":true,"href":"https:\/\/www.europesays.com\/ee\/wp-json\/wp\/v2\/comments?post=260880"}],"version-history":[{"count":0,"href":"https:\/\/www.europesays.com\/ee\/wp-json\/wp\/v2\/posts\/260880\/revisions"}],"wp:featuredmedia":[{"embeddable":true,"href":"https:\/\/www.europesays.com\/ee\/wp-json\/wp\/v2\/media\/260881"}],"wp:attachment":[{"href":"https:\/\/www.europesays.com\/ee\/wp-json\/wp\/v2\/media?parent=260880"}],"wp:term":[{"taxonomy":"category","embeddable":true,"href":"https:\/\/www.europesays.com\/ee\/wp-json\/wp\/v2\/categories?post=260880"},{"taxonomy":"post_tag","embeddable":true,"href":"https:\/\/www.europesays.com\/ee\/wp-json\/wp\/v2\/tags?post=260880"}],"curies":[{"name":"wp","href":"https:\/\/api.w.org\/{rel}","templated":true}]}}