{"id":260882,"date":"2026-08-25T22:12:31","date_gmt":"2026-08-25T22:12:31","guid":{"rendered":"https:\/\/www.europesays.com\/ee\/260882\/"},"modified":"2026-08-25T22:12:31","modified_gmt":"2026-08-25T22:12:31","slug":"delfi-ungaris-batman-on-tagasi-drell-soitis-koondisega-kaasa-ja-mangib-maskiga-2","status":"publish","type":"post","link":"https:\/\/www.europesays.com\/ee\/260882\/","title":{"rendered":"DELFI UNGARIS | \u201eBatman on tagasi!\u201c Drell s\u00f5itis koondisega kaasa ja m\u00e4ngib maskiga"},"content":{"rendered":"<p>Ainsana j\u00e4i Eestisse Martin Paasoja, keda segab kerge viirushaigus. Koondise arst Kaido Stroom avaldas lootust, et Tartu \u00dclikool Maks &amp; Mooritsa tagamees on p\u00fchap\u00e4evaseks Eesti \u2013 Soome kohtumiseks tervenenud.<\/p>\n<p class=\"western\">Drell sai nina pihta l\u00f6\u00f6gi laup\u00e4eval Trentos peetud m\u00e4ngu esimesel veerandil. Ta meenutas Delfi palvel, et vastane tabas tema nina k\u00fclje pealt korvialuses v\u00f5itluses randmega. Seej\u00e4rel pidi 26-aastane eestlane minema riietusruumi, sest ninast tuli ohtralt verd.<\/p>\n","protected":false},"excerpt":{"rendered":"Ainsana j\u00e4i Eestisse Martin Paasoja, keda segab kerge viirushaigus. Koondise arst Kaido Stroom avaldas lootust, et Tartu \u00dclikool&hellip;\n","protected":false},"author":2,"featured_media":260883,"comment_status":"","ping_status":"","sticky":false,"template":"","format":"standard","meta":{"footnotes":"","_share_on_mastodon":"0"},"categories":[18],"tags":[37,33,35,3119,34,36,41,5132,159,158],"class_list":["post-260882","post","type-post","status-publish","format-standard","has-post-thumbnail","category-sport","tag-ee","tag-eesti","tag-eesti-keel","tag-eesti-korvpallikoondis","tag-estonia","tag-estonian","tag-henri-drell","tag-kasper-suurorg","tag-sport","tag-sports"],"share_on_mastodon":{"url":"https:\/\/pubeurope.com\/@ee\/117158448140617753","error":""},"_links":{"self":[{"href":"https:\/\/www.europesays.com\/ee\/wp-json\/wp\/v2\/posts\/260882","targetHints":{"allow":["GET"]}}],"collection":[{"href":"https:\/\/www.europesays.com\/ee\/wp-json\/wp\/v2\/posts"}],"about":[{"href":"https:\/\/www.europesays.com\/ee\/wp-json\/wp\/v2\/types\/post"}],"author":[{"embeddable":true,"href":"https:\/\/www.europesays.com\/ee\/wp-json\/wp\/v2\/users\/2"}],"replies":[{"embeddable":true,"href":"https:\/\/www.europesays.com\/ee\/wp-json\/wp\/v2\/comments?post=260882"}],"version-history":[{"count":0,"href":"https:\/\/www.europesays.com\/ee\/wp-json\/wp\/v2\/posts\/260882\/revisions"}],"wp:featuredmedia":[{"embeddable":true,"href":"https:\/\/www.europesays.com\/ee\/wp-json\/wp\/v2\/media\/260883"}],"wp:attachment":[{"href":"https:\/\/www.europesays.com\/ee\/wp-json\/wp\/v2\/media?parent=260882"}],"wp:term":[{"taxonomy":"category","embeddable":true,"href":"https:\/\/www.europesays.com\/ee\/wp-json\/wp\/v2\/categories?post=260882"},{"taxonomy":"post_tag","embeddable":true,"href":"https:\/\/www.europesays.com\/ee\/wp-json\/wp\/v2\/tags?post=260882"}],"curies":[{"name":"wp","href":"https:\/\/api.w.org\/{rel}","templated":true}]}}