{"id":260948,"date":"2026-08-26T02:27:12","date_gmt":"2026-08-26T02:27:12","guid":{"rendered":"https:\/\/www.europesays.com\/ee\/260948\/"},"modified":"2026-08-26T02:27:12","modified_gmt":"2026-08-26T02:27:12","slug":"ma-tootan-tootan-tootan-tootan-ja-tootan-jaapani-peaminister-magab-vahe-ja-lahkub-harva-residentsist","status":"publish","type":"post","link":"https:\/\/www.europesays.com\/ee\/260948\/","title":{"rendered":"\u201eMa t\u00f6\u00f6tan, t\u00f6\u00f6tan, t\u00f6\u00f6tan, t\u00f6\u00f6tan ja t\u00f6\u00f6tan.\u201c Jaapani peaminister magab v\u00e4he ja lahkub harva residentsist"},"content":{"rendered":"<p>Kuigi residentsi muutmine lisat\u00f6\u00f6kohaks v\u00f5imaldab tal otse kantselei k\u00f5rval asuvast elukohast riigiasju ajada ja nn pendeldamist v\u00e4ltida, n\u00e4evad kriitikud selles ohtu traditsioonilisele Jaapani poliitikakultuurile.<\/p>\n<p class=\"query-text-line ng-star-inserted\">Takaichi \u00fctleb, et kuna hoone asub otse peaministri kantselei k\u00f5rval, v\u00f5imaldab see tal elukoha ja ametlike kohustuste vahel liikuda ilma igap\u00e4evase edasi-tagasi k\u00e4imiseta. Samuti on residentsi rajatud n\u00fc\u00fcdisaegsed kontoriruumid, mis loovad v\u00f5imaluse koosolekuid pidada, dokumente l\u00e4bi vaadata ja riigiasju eemalt ajada.<\/p>\n<p><a href=\"https:\/\/www.delfi.ee\/artikkel\/120605897\/ma-tootan-tootan-tootan-tootan-ja-tootan-jaapani-peaminister-magab-vahe-ja-lahkub-harva-residentsist\/kommentaarid\" class=\"button button--primary button--size-auto article-body-bottom__comment article-body-bottom__comment--write\" style=\"\" rel=\"nofollow noopener\" target=\"_blank\">Kommenteeri<\/a><a href=\"https:\/\/www.delfi.ee\/artikkel\/120605897\/ma-tootan-tootan-tootan-tootan-ja-tootan-jaapani-peaminister-magab-vahe-ja-lahkub-harva-residentsist\/kommentaarid\" class=\"button button--size-auto article-body-bottom__comment article-body-bottom__comment--read\" style=\"\" rel=\"nofollow noopener\" target=\"_blank\">Loe kommentaare <\/a><\/p>\n","protected":false},"excerpt":{"rendered":"Kuigi residentsi muutmine lisat\u00f6\u00f6kohaks v\u00f5imaldab tal otse kantselei k\u00f5rval asuvast elukohast riigiasju ajada ja nn pendeldamist v\u00e4ltida, n\u00e4evad&hellip;\n","protected":false},"author":2,"featured_media":260949,"comment_status":"","ping_status":"","sticky":false,"template":"","format":"standard","meta":{"footnotes":"","_share_on_mastodon":"0"},"categories":[14],"tags":[131,130,37,33,35,34,36,2162,1317,7840,64796,6023],"class_list":["post-260948","post","type-post","status-publish","format-standard","has-post-thumbnail","category-ari","tag-ari","tag-business","tag-ee","tag-eesti","tag-eesti-keel","tag-estonia","tag-estonian","tag-jaapan","tag-kaugtoo","tag-sanae-takaichi","tag-too-ja-eraelu-tasakaal","tag-tookultuur"],"share_on_mastodon":{"url":"https:\/\/pubeurope.com\/@ee\/117159450809563018","error":""},"_links":{"self":[{"href":"https:\/\/www.europesays.com\/ee\/wp-json\/wp\/v2\/posts\/260948","targetHints":{"allow":["GET"]}}],"collection":[{"href":"https:\/\/www.europesays.com\/ee\/wp-json\/wp\/v2\/posts"}],"about":[{"href":"https:\/\/www.europesays.com\/ee\/wp-json\/wp\/v2\/types\/post"}],"author":[{"embeddable":true,"href":"https:\/\/www.europesays.com\/ee\/wp-json\/wp\/v2\/users\/2"}],"replies":[{"embeddable":true,"href":"https:\/\/www.europesays.com\/ee\/wp-json\/wp\/v2\/comments?post=260948"}],"version-history":[{"count":0,"href":"https:\/\/www.europesays.com\/ee\/wp-json\/wp\/v2\/posts\/260948\/revisions"}],"wp:featuredmedia":[{"embeddable":true,"href":"https:\/\/www.europesays.com\/ee\/wp-json\/wp\/v2\/media\/260949"}],"wp:attachment":[{"href":"https:\/\/www.europesays.com\/ee\/wp-json\/wp\/v2\/media?parent=260948"}],"wp:term":[{"taxonomy":"category","embeddable":true,"href":"https:\/\/www.europesays.com\/ee\/wp-json\/wp\/v2\/categories?post=260948"},{"taxonomy":"post_tag","embeddable":true,"href":"https:\/\/www.europesays.com\/ee\/wp-json\/wp\/v2\/tags?post=260948"}],"curies":[{"name":"wp","href":"https:\/\/api.w.org\/{rel}","templated":true}]}}