{"id":260980,"date":"2026-08-26T04:10:39","date_gmt":"2026-08-26T04:10:39","guid":{"rendered":"https:\/\/www.europesays.com\/ee\/260980\/"},"modified":"2026-08-26T04:10:39","modified_gmt":"2026-08-26T04:10:39","slug":"75-riigikogu-liiget-esitasid-madise-presidendikandidaadiks-raadiouudised","status":"publish","type":"post","link":"https:\/\/www.europesays.com\/ee\/260980\/","title":{"rendered":"75 riigikogu liiget esitasid Madise presidendikandidaadiks | Raadiouudised"},"content":{"rendered":"<p>Seitsek\u00fcmmend viis riigikogu liiget esitasid \u00f5iguskantsler \u00dclle Madise presidendikandidaadiks.<\/p>\n<p>Vastavad dokumendid andsid vabariigi valimiskomisjonile \u00fcle Reformierakonna, Eesti 200, Isamaa ja sotsiaaldemokraatide ning fraktsioonidesse mitte kuuluvate riigikogu liikmete esindajad. Madiset toetavate erakondade liikmetest ei andnud tema kandidatuuri \u00fclesseadmisele allkirja sotsiaaldemokraat Z\u00fcleyxa Izmailova ning Priit Sibul ja Helir-Valdor Seeder Isamaast. Veel hommikul polnud oma allkirja andnud ka Isamaa liige Andres Metsoja, aga veidi enne kella k\u00fcmmet lisandus ka tema allkiri. <\/p>\n<p>\nReene Leas<\/p>\n","protected":false},"excerpt":{"rendered":"Seitsek\u00fcmmend viis riigikogu liiget esitasid \u00f5iguskantsler \u00dclle Madise presidendikandidaadiks. Vastavad dokumendid andsid vabariigi valimiskomisjonile \u00fcle Reformierakonna, Eesti 200,&hellip;\n","protected":false},"author":2,"featured_media":260981,"comment_status":"","ping_status":"","sticky":false,"template":"","format":"standard","meta":{"footnotes":"","_share_on_mastodon":"0"},"categories":[5],"tags":[71,26,27,37,33,35,34,36,31,32,21,28,29,19,999,25,23,24,22,20,1084,30],"class_list":["post-260980","post","type-post","status-publish","format-standard","has-post-thumbnail","category-uldised-uudised","tag-arvamus","tag-breaking-news","tag-breakingnews","tag-ee","tag-eesti","tag-eesti-keel","tag-estonia","tag-estonian","tag-featured-news","tag-featurednews","tag-headlines","tag-latest-news","tag-latestnews","tag-news","tag-poliitika","tag-populaarseimad-lood","tag-top-stories","tag-topstories","tag-uldised-uudised","tag-uudised","tag-valismaa","tag-viimased-uudised"],"share_on_mastodon":{"url":"https:\/\/pubeurope.com\/@ee\/117159855645813677","error":""},"_links":{"self":[{"href":"https:\/\/www.europesays.com\/ee\/wp-json\/wp\/v2\/posts\/260980","targetHints":{"allow":["GET"]}}],"collection":[{"href":"https:\/\/www.europesays.com\/ee\/wp-json\/wp\/v2\/posts"}],"about":[{"href":"https:\/\/www.europesays.com\/ee\/wp-json\/wp\/v2\/types\/post"}],"author":[{"embeddable":true,"href":"https:\/\/www.europesays.com\/ee\/wp-json\/wp\/v2\/users\/2"}],"replies":[{"embeddable":true,"href":"https:\/\/www.europesays.com\/ee\/wp-json\/wp\/v2\/comments?post=260980"}],"version-history":[{"count":0,"href":"https:\/\/www.europesays.com\/ee\/wp-json\/wp\/v2\/posts\/260980\/revisions"}],"wp:featuredmedia":[{"embeddable":true,"href":"https:\/\/www.europesays.com\/ee\/wp-json\/wp\/v2\/media\/260981"}],"wp:attachment":[{"href":"https:\/\/www.europesays.com\/ee\/wp-json\/wp\/v2\/media?parent=260980"}],"wp:term":[{"taxonomy":"category","embeddable":true,"href":"https:\/\/www.europesays.com\/ee\/wp-json\/wp\/v2\/categories?post=260980"},{"taxonomy":"post_tag","embeddable":true,"href":"https:\/\/www.europesays.com\/ee\/wp-json\/wp\/v2\/tags?post=260980"}],"curies":[{"name":"wp","href":"https:\/\/api.w.org\/{rel}","templated":true}]}}