{"id":260986,"date":"2026-08-26T04:32:13","date_gmt":"2026-08-26T04:32:13","guid":{"rendered":"https:\/\/www.europesays.com\/ee\/260986\/"},"modified":"2026-08-26T04:32:13","modified_gmt":"2026-08-26T04:32:13","slug":"norstat-ekre-on-viimastel-nadalatel-toetust-kaotanud-eesti","status":"publish","type":"post","link":"https:\/\/www.europesays.com\/ee\/260986\/","title":{"rendered":"Norstat: EKRE on viimastel n\u00e4dalatel toetust kaotanud | Eesti"},"content":{"rendered":"<p>EKRE toetus on viimase nelja n\u00e4dalaga langenud 1,9 protsendipunkti v\u00f5rra ning seet\u00f5ttu on erakond langenud reitingutabelis kolmandalt kohalt viiendaks, selgus \u00dchiskonnauuringute Instituudi tellitud Norstati k\u00fcsitlusest.<\/p>\n<p>Kolme populaarseima erakonna toetus p\u00fcsib stabiilsena. Viimaste tulemuste p\u00f5hjal toetab Isamaad 25,7 protsenti, Keskerakonda 22,3 protsenti ning Sotsiaaldemokraatlikku Erakonda 14,4 protsenti valimis\u00f5iguslikest kodanikest.\u00a0<\/p>\n<p>Esikolmikule j\u00e4rgnevad Reformierakond (13 protsenti),\u00a0EKRE (12,7 protsenti), Parempoolsed (6,4 protsenti) ja Eesti 200 (1,6 protsenti). EKRE toetus on viimase nelja n\u00e4dalaga langenud 1,9 protsendipunkti v\u00f5rra ning seet\u00f5ttu on erakond langenud reitingutabelis kolmandalt kohalt viiendaks.\u00a0<\/p>\n<p>Praeguste toetusn\u00e4itajatega saaks Isamaa riigikogus 29 kohta, Keskerakond 25 kohta, SDE 15 kohta, Reformierakond 13 kohta, EKRE 13 kohta ja Parempoolsed kuus kohta.<\/p>\n<p>Koalitsioonierakondi toetas kokku 14,6 protsenti ning riigikogu opositsioonierakondi 75,1 protsenti vastajatest.\u00a0<\/p>\n<p>Viimased koondtulemused kajastavad k\u00fcsitlusperioodi 27. juulist kuni 23. augustini ning kokku k\u00fcsitleti 4000 valimisealist Eesti kodanikku.\u00a0<\/p>\n<p><img decoding=\"async\" data-photo-id=\"3782314\" src=\"https:\/\/www.europesays.com\/ee\/wp-content\/uploads\/2026\/08\/3782314h4d59t24.jpg\"\/>Norstat\/\u00dcI erakondade toetused. Autor\/allikas: Norstat\/\u00dcI<\/p>\n","protected":false},"excerpt":{"rendered":"EKRE toetus on viimase nelja n\u00e4dalaga langenud 1,9 protsendipunkti v\u00f5rra ning seet\u00f5ttu on erakond langenud reitingutabelis kolmandalt kohalt&hellip;\n","protected":false},"author":2,"featured_media":260987,"comment_status":"","ping_status":"","sticky":false,"template":"","format":"standard","meta":{"footnotes":"","_share_on_mastodon":"0"},"categories":[5],"tags":[26,27,37,33,35,729,1062,34,36,31,32,21,28,29,19,1832,25,333,23,24,22,20,30],"class_list":["post-260986","post","type-post","status-publish","format-standard","has-post-thumbnail","category-uldised-uudised","tag-breaking-news","tag-breakingnews","tag-ee","tag-eesti","tag-eesti-keel","tag-ekre","tag-erakondade-toetused","tag-estonia","tag-estonian","tag-featured-news","tag-featurednews","tag-headlines","tag-latest-news","tag-latestnews","tag-news","tag-norstat","tag-populaarseimad-lood","tag-reitingud","tag-top-stories","tag-topstories","tag-uldised-uudised","tag-uudised","tag-viimased-uudised"],"share_on_mastodon":{"url":"https:\/\/pubeurope.com\/@ee\/117159942479774802","error":""},"_links":{"self":[{"href":"https:\/\/www.europesays.com\/ee\/wp-json\/wp\/v2\/posts\/260986","targetHints":{"allow":["GET"]}}],"collection":[{"href":"https:\/\/www.europesays.com\/ee\/wp-json\/wp\/v2\/posts"}],"about":[{"href":"https:\/\/www.europesays.com\/ee\/wp-json\/wp\/v2\/types\/post"}],"author":[{"embeddable":true,"href":"https:\/\/www.europesays.com\/ee\/wp-json\/wp\/v2\/users\/2"}],"replies":[{"embeddable":true,"href":"https:\/\/www.europesays.com\/ee\/wp-json\/wp\/v2\/comments?post=260986"}],"version-history":[{"count":0,"href":"https:\/\/www.europesays.com\/ee\/wp-json\/wp\/v2\/posts\/260986\/revisions"}],"wp:featuredmedia":[{"embeddable":true,"href":"https:\/\/www.europesays.com\/ee\/wp-json\/wp\/v2\/media\/260987"}],"wp:attachment":[{"href":"https:\/\/www.europesays.com\/ee\/wp-json\/wp\/v2\/media?parent=260986"}],"wp:term":[{"taxonomy":"category","embeddable":true,"href":"https:\/\/www.europesays.com\/ee\/wp-json\/wp\/v2\/categories?post=260986"},{"taxonomy":"post_tag","embeddable":true,"href":"https:\/\/www.europesays.com\/ee\/wp-json\/wp\/v2\/tags?post=260986"}],"curies":[{"name":"wp","href":"https:\/\/api.w.org\/{rel}","templated":true}]}}