{"id":261068,"date":"2026-08-26T07:02:08","date_gmt":"2026-08-26T07:02:08","guid":{"rendered":"https:\/\/www.europesays.com\/ee\/261068\/"},"modified":"2026-08-26T07:02:08","modified_gmt":"2026-08-26T07:02:08","slug":"priit-parna-80-sunnipaeva-puhul-tele-esilinastub-tema-varskeim-film-luna-rossa-film","status":"publish","type":"post","link":"https:\/\/www.europesays.com\/ee\/261068\/","title":{"rendered":"Priit P\u00e4rna 80. s\u00fcnnip\u00e4eva puhul tele-esilinastub tema v\u00e4rskeim film &#8220;Luna Rossa&#8221; | Film"},"content":{"rendered":"<p>26. augustil t\u00e4histab animalavastaja Priit P\u00e4rn oma 80. s\u00fcnnip\u00e4eva. Sel puhul j\u00f5uab esmakordselt televaatajate ette Priit ja Olga P\u00e4rna seni viimane l\u00fchianimatsioon &#8220;Luna Rossa&#8221;.<\/p>\n<p>Priit ja Olga P\u00e4rna animafilm valmis 2024. aastal Eesti Joonisfilmi ja prantsuse firma Miyu Productions koost\u00f6\u00f6s, linaloo valmimiseks kulus ligi neli aastat. 32 minutit kestva filmi sisust l\u00e4htuvalt v\u00f5eti kasutusele innovatiivne tehnoloogia, kus motion capture s\u00fcsteem talletab n\u00e4itlejate liikumise 3D nukkudena arvutis ning l\u00f5pptulemuseks on ikkagi 2D joonisfilm. N\u00e4itlejatena l\u00f5id kaasa Karolin J\u00fcrise, Tanel Saar ja Ago Soots.<\/p>\n<p>Loo tegevus toimub Itaalias, t\u00f5en\u00e4oliselt Napolis. Peategelaste, kahe mehe ja kahe naise suhted on keerulised ning tahtlikult esitatud viisil, mis j\u00e4tab vaatajatele piisavalt ruumi erinevateks t\u00f5lgendusteks. Samas liigub lugu kindlalt konkreetse eesm\u00e4rgi suunas.<\/p>\n<p>&#8220;Luna Rossa&#8221; rahvusvaheline esilinastus toimus Itaalias Imaginaria animafestivalil, Eesti publiku ette j\u00f5udis film esmakordselt 2024. aastal Pimedate \u00d6\u00f6de filmifestivalil. Eesti Filmi- ja Teleauhindadel p\u00e4rjati &#8220;Luna Rossa&#8221; ka parima animafilmi preemiaga. \u00a0<\/p>\n<p>Priit P\u00e4rna 80. s\u00fcnnip\u00e4eva puhul on ETV-s t\u00f6\u00f6s ka portreesaade, mis j\u00f5uab vaatajate ette s\u00fcgisel.<\/p>\n<p>&#8220;Luna Rossa&#8221; tele-esilinastub 26. augustil kell 22.25.<\/p>\n","protected":false},"excerpt":{"rendered":"26. augustil t\u00e4histab animalavastaja Priit P\u00e4rn oma 80. s\u00fcnnip\u00e4eva. Sel puhul j\u00f5uab esmakordselt televaatajate ette Priit ja Olga&hellip;\n","protected":false},"author":2,"featured_media":261069,"comment_status":"","ping_status":"","sticky":false,"template":"","format":"standard","meta":{"footnotes":"","_share_on_mastodon":"0"},"categories":[16],"tags":[37,33,35,173,34,36,208,99478,140,99477,73567],"class_list":["post-261068","post","type-post","status-publish","format-standard","has-post-thumbnail","category-meelelahutus","tag-ee","tag-eesti","tag-eesti-keel","tag-entertainment","tag-estonia","tag-estonian","tag-film","tag-luna-rossa","tag-meelelahutus","tag-olga-parn","tag-priit-parn"],"share_on_mastodon":{"url":"https:\/\/pubeurope.com\/@ee\/117160532246819478","error":""},"_links":{"self":[{"href":"https:\/\/www.europesays.com\/ee\/wp-json\/wp\/v2\/posts\/261068","targetHints":{"allow":["GET"]}}],"collection":[{"href":"https:\/\/www.europesays.com\/ee\/wp-json\/wp\/v2\/posts"}],"about":[{"href":"https:\/\/www.europesays.com\/ee\/wp-json\/wp\/v2\/types\/post"}],"author":[{"embeddable":true,"href":"https:\/\/www.europesays.com\/ee\/wp-json\/wp\/v2\/users\/2"}],"replies":[{"embeddable":true,"href":"https:\/\/www.europesays.com\/ee\/wp-json\/wp\/v2\/comments?post=261068"}],"version-history":[{"count":0,"href":"https:\/\/www.europesays.com\/ee\/wp-json\/wp\/v2\/posts\/261068\/revisions"}],"wp:featuredmedia":[{"embeddable":true,"href":"https:\/\/www.europesays.com\/ee\/wp-json\/wp\/v2\/media\/261069"}],"wp:attachment":[{"href":"https:\/\/www.europesays.com\/ee\/wp-json\/wp\/v2\/media?parent=261068"}],"wp:term":[{"taxonomy":"category","embeddable":true,"href":"https:\/\/www.europesays.com\/ee\/wp-json\/wp\/v2\/categories?post=261068"},{"taxonomy":"post_tag","embeddable":true,"href":"https:\/\/www.europesays.com\/ee\/wp-json\/wp\/v2\/tags?post=261068"}],"curies":[{"name":"wp","href":"https:\/\/api.w.org\/{rel}","templated":true}]}}