{"id":261070,"date":"2026-08-26T07:05:38","date_gmt":"2026-08-26T07:05:38","guid":{"rendered":"https:\/\/www.europesays.com\/ee\/261070\/"},"modified":"2026-08-26T07:05:38","modified_gmt":"2026-08-26T07:05:38","slug":"sojaraport-teet-kalmus-slovjanski-korgustikud-on-reaalses-ohus-hiina-mootorid-ja-drooniparved-muudavad-soja-olemust-delfi","status":"publish","type":"post","link":"https:\/\/www.europesays.com\/ee\/261070\/","title":{"rendered":"S\u00d5JARAPORT | Teet Kalmus: Slovjanski k\u00f5rgustikud on reaalses ohus. Hiina mootorid ja drooniparved muudavad s\u00f5ja olemust &#8211; Delfi"},"content":{"rendered":"<ol>\n<li><a href=\"https:\/\/news.google.com\/rss\/articles\/CBMi6wFBVV95cUxPLTFPRFl0ZDZvdGM2aExwVThXSXZORi00aE1iV1ZGWXdLLVR1SGRkRzFVejN3ZDdONEhNZVR1Ujh0eEdqdGNQVVI5NVJGdkVrbG1FaGRwVDJaS1FLZ2FycTBHYl9IQ0RRMUttbUZDbnhRMHpkWE16ZnBlVW9mamh5bXltSDIzbF9mNGg3dE5hVnA1U21TZHZJS21iaWNvM3MtR1RWNzNqQ3VKeHpBWEp5QmdlRGJxRnExb0NnNjZvNW9ZWV9VOHBjaV9WaWNLUkUyd3JVeUNOTy1HalZsRlhLSmdGay1iYjRCX1FF?oc=5\" target=\"_blank\" rel=\"nofollow noopener\">S\u00d5JARAPORT | Teet Kalmus: Slovjanski k\u00f5rgustikud on reaalses ohus. Hiina mootorid ja drooniparved muudavad s\u00f5ja olemust<\/a>&nbsp;&nbsp;Delfi<\/li>\n<li><a href=\"https:\/\/news.google.com\/rss\/articles\/CBMi8gFBVV95cUxQakw1X2JXbzNoeXN2Zm9EUFdRaTJ1Z0wxX2Q2SFZIdVdMY3NfNkJLVi1mMzlJdjRiZGoxOE9aU0VWajV4WFV1bmtRMFJORGktdFo2eFRuZmxfSEFkc0I5eTl2OXE4c0dhSmU1NGsxb2NyaUx6VVE3UG5idzRJQ1VDUnBSQ0NHZ1AzdUxQVUVzY3lGUXFrM0NydkJacXJkSGlPX3pURXNXNlhzSXJPZk1IMXVlTE56bXBYbWZHWE9IV251UzVjV2h2eGlPaXFESktJLTY0Z1NEbjk4MmFNMFdrQ0pOM3pURldTclYyOGxTQ0ZUUQ?oc=5\" target=\"_blank\" rel=\"nofollow noopener\">UKRAINA KUI KATSEPOL\u00dcGOON | Oleg Samorodni: P\u00f5hja-Korea diktaatorit huvitab lahingukogemus v\u00f5imalikuks konfliktiks Korea poolsaarel<\/a>&nbsp;&nbsp;\u00d5htuleht<\/li>\n<li><a href=\"https:\/\/news.google.com\/rss\/articles\/CBMizAFBVV95cUxQM0c0VG9RRDQtbDN0WmNMNkpYenhTZXRaXzh0R0lEZjljWjZFZmtIal9iV3ZINWpaV0I3OW1PdFpJaHk5d1JFaDV2S0VyWEtQR3o4OFYtZ3F1MWpZNnZHWmpQVnJiQ2xWM0JiV3M4NUpDbDc3TDZXdTBvQlV0R0NWQW0xTHhEcjk1UFlPWERUSGlBbnRERnd4TDhobms5YkI0RldFRlFiZXZvejlxcEdYRkhsQUJweWlqeENleURVTVdWeUN5ZEczRWkyM3M?oc=5\" target=\"_blank\" rel=\"nofollow noopener\">S\u00d5JARAPORT | Peeter Tali: Venemaa sai j\u00e4rjekordse alanduse. Rinnet t\u00f5ttab hoidma P\u00f5hja-Korea<\/a>&nbsp;&nbsp;Delfi<\/li>\n<\/ol>\n","protected":false},"excerpt":{"rendered":"S\u00d5JARAPORT | Teet Kalmus: Slovjanski k\u00f5rgustikud on reaalses ohus. Hiina mootorid ja drooniparved muudavad s\u00f5ja olemust&nbsp;&nbsp;Delfi UKRAINA KUI&hellip;\n","protected":false},"author":2,"featured_media":261071,"comment_status":"","ping_status":"","sticky":false,"template":"","format":"standard","meta":{"footnotes":"","_share_on_mastodon":"0"},"categories":[80],"tags":[26,27,37,33,35,34,36,31,32,21,28,29,95,19,25,107,2187,23,24,22,20,30,92,93,94],"class_list":["post-261070","post","type-post","status-publish","format-standard","has-post-thumbnail","category-maailm","tag-breaking-news","tag-breakingnews","tag-ee","tag-eesti","tag-eesti-keel","tag-estonia","tag-estonian","tag-featured-news","tag-featurednews","tag-headlines","tag-latest-news","tag-latestnews","tag-maailm","tag-news","tag-populaarseimad-lood","tag-soda-ukrainas","tag-sojaraport","tag-top-stories","tag-topstories","tag-uldised-uudised","tag-uudised","tag-viimased-uudised","tag-world","tag-world-news","tag-worldnews"],"share_on_mastodon":{"url":"https:\/\/pubeurope.com\/@ee\/117160543759637767","error":""},"_links":{"self":[{"href":"https:\/\/www.europesays.com\/ee\/wp-json\/wp\/v2\/posts\/261070","targetHints":{"allow":["GET"]}}],"collection":[{"href":"https:\/\/www.europesays.com\/ee\/wp-json\/wp\/v2\/posts"}],"about":[{"href":"https:\/\/www.europesays.com\/ee\/wp-json\/wp\/v2\/types\/post"}],"author":[{"embeddable":true,"href":"https:\/\/www.europesays.com\/ee\/wp-json\/wp\/v2\/users\/2"}],"replies":[{"embeddable":true,"href":"https:\/\/www.europesays.com\/ee\/wp-json\/wp\/v2\/comments?post=261070"}],"version-history":[{"count":0,"href":"https:\/\/www.europesays.com\/ee\/wp-json\/wp\/v2\/posts\/261070\/revisions"}],"wp:featuredmedia":[{"embeddable":true,"href":"https:\/\/www.europesays.com\/ee\/wp-json\/wp\/v2\/media\/261071"}],"wp:attachment":[{"href":"https:\/\/www.europesays.com\/ee\/wp-json\/wp\/v2\/media?parent=261070"}],"wp:term":[{"taxonomy":"category","embeddable":true,"href":"https:\/\/www.europesays.com\/ee\/wp-json\/wp\/v2\/categories?post=261070"},{"taxonomy":"post_tag","embeddable":true,"href":"https:\/\/www.europesays.com\/ee\/wp-json\/wp\/v2\/tags?post=261070"}],"curies":[{"name":"wp","href":"https:\/\/api.w.org\/{rel}","templated":true}]}}