{"id":261076,"date":"2026-08-26T07:13:10","date_gmt":"2026-08-26T07:13:10","guid":{"rendered":"https:\/\/www.europesays.com\/ee\/261076\/"},"modified":"2026-08-26T07:13:10","modified_gmt":"2026-08-26T07:13:10","slug":"pustijalakoomik-kait-kall-eesti-inimene-on-usna-halb-naljaga-kaasatuleja-vikerraadio","status":"publish","type":"post","link":"https:\/\/www.europesays.com\/ee\/261076\/","title":{"rendered":"P\u00fcstijalakoomik Kait Kall: Eesti inimene on \u00fcsna halb naljaga kaasatuleja | Vikerraadio"},"content":{"rendered":"<p>Humorist Kait Kall r\u00e4\u00e4kis Vikerraadios, et p\u00fcstijalakom\u00f6\u00f6dia puhul on Eesti inimene \u00fcsna halb naljaga kaasatuleja ja sageli on tunne nagu oleks kurttummade festivalil, sest keegi k\u00fcsimustele ei vasta. Kalli s\u00f5nul on hoopis teine lugu firmapidudega, kus tal \u00f5htujuhina siiski \u00f5nnestub kohe inimestega kontakt luua.<\/p>\n<p>&#8220;Mul on elevant k\u00f5rva t\u00e4iesti puruks astunud. Ma vahepeal laulan t\u00e4itsa \u00f5igesti, olen k\u00e4inud ka h\u00e4\u00e4leseades, koolis olid ka laulutunnid ja vahepeal laulan lihtsalt sealt, kus tahan, vahepeal pihta ja vahepeal p\u00f5hja,&#8221; s\u00f5nas p\u00fcstijalakoomik, n\u00e4itleja, lavastaja ja stsenarist Kait Kall.<\/p>\n<p>Kall oli noorena \u00fcsna tagasihoidlik ja teater tuli tema ellu juhuslikult. &#8220;Ma ei olnud v\u00e4ga edev ja kandsin ainult musta. L\u00e4ksin 10. klassi ja kooli tulid Taago Tubin ja Tarmo Tagamets, kes tegid V\u00f5ru linnateatri juurde draamastuudio. Ma ei l\u00e4inud sinna alguses, sest nad tundusid nii kahtlased mehed. \u00dcks poiss ja 12 t\u00fcdrukut l\u00e4ksid. L\u00f5puks pinginaabriga otsustasime ka minna ja sealt hakkas kasvama huvi teatri vastu. P\u00e4rast keskkooli l\u00f5ppu oli mul kaks valikut, kas ajakirjandus v\u00f5i n\u00e4itlemine,&#8221; meenutas Kall.<\/p>\n<p>Kalli s\u00f5nul on huumorit raskel ajal inimestele vaja. &#8220;Aga mul on huvi ka t\u00f5siste asjade vastu, nii et v\u00f5iks vabalt pakkuda,&#8221; lisas ta.<\/p>\n<p>&#8220;Lavakunstikoolis murtakse inimene algul lahti, see kool tasuks ikka l\u00e4bi k\u00e4ia, isegi kui ei hakka n\u00e4itlemisega tegelema,&#8221; t\u00f5i Kall v\u00e4lja.<\/p>\n<p>Kom\u00f6\u00f6dia on k\u00f5ige halastamatum vorm laval olemiseks. &#8220;Eriti \u00fcksinda. Kui t\u00f5sises t\u00fckis on publikus vaikus, v\u00f5id m\u00f5elda, et inimesed m\u00f5tlevad kaasa, sa ei saa otsest tagasisidet, siis naljaga on v\u00e4ga lihtne. Teed nalja \u00e4ra ja sa saad kohe reaktsiooni, kas naerdakse v\u00f5i mitte,&#8221; nentis Kall.<\/p>\n<p>K\u00f5ige hullem on olukord siis, kui etendus kestab veel tund aega ja saalis on haudvaikus. &#8220;Siis saad aru, et siit sa enam naeru \u00e4ra ei korja, siis on munad pakul ja v\u00e4ga halb on, hakkad kiirustama, rabistama, midagi p\u00e4\u00e4stma.&#8221;<\/p>\n<p>Kall on p\u00fcstijalakom\u00f6\u00f6diat teinud seitse-kaheksa aastat, olles sageli \u00fcksinda laval. &#8220;Mulle v\u00e4ga meeldib improviseerida, kui n\u00e4iteks publikust midagi tuleb. Tegutsen ka \u00f5htujuhina ja mulle meeldib panna organisatsioonide juhte erinevatesse olukordadesse, et neid natuke \u00fcllatada. Natuke torkida.&#8221;<\/p>\n<p>Lavakogemus on andnud Kallile oskuse usaldada oma sisetunnet, paanikasse pole m\u00f5tet minna ega vabandama hakata. &#8220;Kui midagi l\u00e4heb sassi, p\u00f6\u00f6rad selle naljaks,&#8221; muheles Kall.<\/p>\n<p>K\u00f5ige hullemad olukorrad on Kalli s\u00f5nul sellised, kui sa ei taju konteksti. &#8220;N\u00e4iteks r\u00e4\u00e4gid midagi poliitiku kohta, kes parasjagu on saalis. K\u00f5ik teavad seda, on teda fuajees n\u00e4inud, aga mina ei tea. Kord tegin peo algul koondamisnalja, et jagame n\u00fc\u00fcd koondmaisteated laiali, aga firmas oligi hiljuti olnud suurem koondamine,&#8221; t\u00f5i Kall oma apsakad v\u00e4lja.<\/p>\n<p>&#8220;K\u00f5ige halvem on see, kui aimatakse nali ette \u00e4ra, publik saab aru, kuhu sa t\u00fc\u00fcrid. \u00d5igel ajal peab oskama l\u00f5petada,&#8221; s\u00f5nas Kall.<\/p>\n<p>Oktoobris tuleb Kall v\u00e4lja uue kavaga. &#8220;T\u00e4itsa v\u00e4rske materjaliga,&#8221; lisas Kall.<\/p>\n<p>&#8220;Eesti inimene on \u00fcsna halb naljaga kaasatuleja. Tunnen end nagu m\u00fc\u00fcgimees poes, kellest k\u00f5ik tahavad m\u00f6\u00f6da minna. P\u00fcstijalakom\u00f6\u00f6dia publik ei taha eriti r\u00e4\u00e4kida, sa oled nagu kurttummade festivalil. Kui midagi k\u00fcsid, keegi ei vasta. Eesti inimene v\u00e4ldib t\u00e4helepanu, t\u00f5mbab lukku, kui tema poole p\u00f6\u00f6rdud. Tal on kohe piinlik ja h\u00e4bi, \u00fcliraske on saada inimest r\u00e4\u00e4kima. See on k\u00f5ige raskem koht,&#8221; t\u00f5i Kall v\u00e4lja. &#8220;Firmapeod on sellised, kus karastub teras, seal saab Eesti inimesega kontakti luua.&#8221;<\/p>\n<p>Kalli s\u00f5nul piirab t\u00f5sisemate rollide pakkumist, n\u00e4iteks filmides, tema humoristi kuvand.<\/p>\n<p>&#8220;Plusse on tuntusel ikka rohkem. Sul on oma publik, keda sa pole alt vedanud. Olen k\u00f5ikidele \u00e4\u00e4retult t\u00e4nulik, kes tulevad minu p\u00e4rast saali,&#8221; t\u00f5i Kall v\u00e4lja.<\/p>\n","protected":false},"excerpt":{"rendered":"Humorist Kait Kall r\u00e4\u00e4kis Vikerraadios, et p\u00fcstijalakom\u00f6\u00f6dia puhul on Eesti inimene \u00fcsna halb naljaga kaasatuleja ja sageli on&hellip;\n","protected":false},"author":2,"featured_media":261077,"comment_status":"","ping_status":"","sticky":false,"template":"","format":"standard","meta":{"footnotes":"","_share_on_mastodon":"0"},"categories":[16],"tags":[37,33,35,173,34,36,47223,245,140],"class_list":["post-261076","post","type-post","status-publish","format-standard","has-post-thumbnail","category-meelelahutus","tag-ee","tag-eesti","tag-eesti-keel","tag-entertainment","tag-estonia","tag-estonian","tag-kait-kall","tag-kristjan-hirmo","tag-meelelahutus"],"share_on_mastodon":{"url":"https:\/\/pubeurope.com\/@ee\/117160575168184885","error":""},"_links":{"self":[{"href":"https:\/\/www.europesays.com\/ee\/wp-json\/wp\/v2\/posts\/261076","targetHints":{"allow":["GET"]}}],"collection":[{"href":"https:\/\/www.europesays.com\/ee\/wp-json\/wp\/v2\/posts"}],"about":[{"href":"https:\/\/www.europesays.com\/ee\/wp-json\/wp\/v2\/types\/post"}],"author":[{"embeddable":true,"href":"https:\/\/www.europesays.com\/ee\/wp-json\/wp\/v2\/users\/2"}],"replies":[{"embeddable":true,"href":"https:\/\/www.europesays.com\/ee\/wp-json\/wp\/v2\/comments?post=261076"}],"version-history":[{"count":0,"href":"https:\/\/www.europesays.com\/ee\/wp-json\/wp\/v2\/posts\/261076\/revisions"}],"wp:featuredmedia":[{"embeddable":true,"href":"https:\/\/www.europesays.com\/ee\/wp-json\/wp\/v2\/media\/261077"}],"wp:attachment":[{"href":"https:\/\/www.europesays.com\/ee\/wp-json\/wp\/v2\/media?parent=261076"}],"wp:term":[{"taxonomy":"category","embeddable":true,"href":"https:\/\/www.europesays.com\/ee\/wp-json\/wp\/v2\/categories?post=261076"},{"taxonomy":"post_tag","embeddable":true,"href":"https:\/\/www.europesays.com\/ee\/wp-json\/wp\/v2\/tags?post=261076"}],"curies":[{"name":"wp","href":"https:\/\/api.w.org\/{rel}","templated":true}]}}