{"id":261100,"date":"2026-08-26T07:46:16","date_gmt":"2026-08-26T07:46:16","guid":{"rendered":"https:\/\/www.europesays.com\/ee\/261100\/"},"modified":"2026-08-26T07:46:16","modified_gmt":"2026-08-26T07:46:16","slug":"poff-i-visuaalse-identiteedi-eest-vastutab-tanavu-priit-parn-film","status":"publish","type":"post","link":"https:\/\/www.europesays.com\/ee\/261100\/","title":{"rendered":"P\u00d6FF-i visuaalse identiteedi eest vastutab t\u00e4navu Priit P\u00e4rn | Film"},"content":{"rendered":"<p>T\u00e4navusele Pimedate \u00d6\u00f6de filmifestivalile annab visuaalse ilme Priit P\u00e4rn. Esimest korda on visuaali autoriks filmitegijast kunstnik ja see s\u00fcnnib festivali 30. s\u00fcnnip\u00e4eva puhul. <\/p>\n<p>&#8220;Kui mult plakatit telliti, oli peamine n\u00f5ue, et see oleks originaalne. Et oleks selline plakat, mida \u00fchegi festivali reklaamimiseks pole kunagi tehtud. Ei l\u00e4inud kaua aega, kui ma teadsin, et plakatil saavad olema kilplased. Kilplased, kes teevad kino. Miks just kilplased? Kilplased ei ole siiani \u00fchtki filmifestivali reklaaminud. Ja neid ei ole kunagi n\u00e4htud kino tegemas. N\u00fc\u00fcd nad teevad ja neid on palju. On teada-tuntud fakt, et kui palju kilplasi koos midagi teevad, ei ole altminekut karta. Edu on garanteeritud,&#8221; selgitas P\u00e4rn, kes t\u00e4histab t\u00e4na oma 80. s\u00fcnnip\u00e4eva.<\/p>\n<p>Plakatil kujutatud kilplased hakkavad \u00fchtlasi kaunistama kogu t\u00e4navuse festivali visuaalset lahendust, \u00e4rgates ellu reklaamidel, dekoratsioonidel ja teistel kujunduselementidel.<\/p>\n<p>Eesti animafilmilegend Priit P\u00e4rn on kilplasi kujutanud alates 1974. aastast, kui temast sai Rein Raamatu joonisfilmi &#8220;Kilplased&#8221; \u00fcks kunstnikke. Ta on v\u00e4lja andnud koomiksiraamatud &#8220;Kilplased&#8221; ja &#8220;Kilplased globaliseeruvad&#8221; ning illustreerinud Eno Raua raamatu &#8220;Kilplased&#8221;.<\/p>\n<p>30. Pimedate \u00d6\u00f6de filmifestival toimub 6. kuni 22. novembrini Tallinnas ja Tartus.<\/p>\n","protected":false},"excerpt":{"rendered":"T\u00e4navusele Pimedate \u00d6\u00f6de filmifestivalile annab visuaalse ilme Priit P\u00e4rn. Esimest korda on visuaali autoriks filmitegijast kunstnik ja see&hellip;\n","protected":false},"author":2,"featured_media":261101,"comment_status":"","ping_status":"","sticky":false,"template":"","format":"standard","meta":{"footnotes":"","_share_on_mastodon":"0"},"categories":[16],"tags":[37,33,35,173,34,36,140,6619,2870,73567],"class_list":["post-261100","post","type-post","status-publish","format-standard","has-post-thumbnail","category-meelelahutus","tag-ee","tag-eesti","tag-eesti-keel","tag-entertainment","tag-estonia","tag-estonian","tag-meelelahutus","tag-pimedate-oode-filmifestival","tag-poff","tag-priit-parn"],"share_on_mastodon":{"url":"https:\/\/pubeurope.com\/@ee\/117160704983734908","error":""},"_links":{"self":[{"href":"https:\/\/www.europesays.com\/ee\/wp-json\/wp\/v2\/posts\/261100","targetHints":{"allow":["GET"]}}],"collection":[{"href":"https:\/\/www.europesays.com\/ee\/wp-json\/wp\/v2\/posts"}],"about":[{"href":"https:\/\/www.europesays.com\/ee\/wp-json\/wp\/v2\/types\/post"}],"author":[{"embeddable":true,"href":"https:\/\/www.europesays.com\/ee\/wp-json\/wp\/v2\/users\/2"}],"replies":[{"embeddable":true,"href":"https:\/\/www.europesays.com\/ee\/wp-json\/wp\/v2\/comments?post=261100"}],"version-history":[{"count":0,"href":"https:\/\/www.europesays.com\/ee\/wp-json\/wp\/v2\/posts\/261100\/revisions"}],"wp:featuredmedia":[{"embeddable":true,"href":"https:\/\/www.europesays.com\/ee\/wp-json\/wp\/v2\/media\/261101"}],"wp:attachment":[{"href":"https:\/\/www.europesays.com\/ee\/wp-json\/wp\/v2\/media?parent=261100"}],"wp:term":[{"taxonomy":"category","embeddable":true,"href":"https:\/\/www.europesays.com\/ee\/wp-json\/wp\/v2\/categories?post=261100"},{"taxonomy":"post_tag","embeddable":true,"href":"https:\/\/www.europesays.com\/ee\/wp-json\/wp\/v2\/tags?post=261100"}],"curies":[{"name":"wp","href":"https:\/\/api.w.org\/{rel}","templated":true}]}}