{"id":261190,"date":"2026-08-26T09:19:10","date_gmt":"2026-08-26T09:19:10","guid":{"rendered":"https:\/\/www.europesays.com\/ee\/261190\/"},"modified":"2026-08-26T09:19:10","modified_gmt":"2026-08-26T09:19:10","slug":"jane-magi-%e2%9f%a9-kutseharidus-parast-pohikooli-voi-gumnaasiumi","status":"publish","type":"post","link":"https:\/\/www.europesays.com\/ee\/261190\/","title":{"rendered":"JANE M\u00c4GI \u27e9 Kutseharidus p\u00e4rast p\u00f5hikooli v\u00f5i g\u00fcmnaasiumi?"},"content":{"rendered":"<p class=\"MsoNormal\">&#8220;\u00d5ppimine on v\u00e4ikese inimese t\u00f6\u00f6,&#8221; v\u00f5iks parafraseerida tuntud laulusalmi. \u00d5ppida tuleb v\u00e4hemalt t\u00e4iskasvanuks saamiseni, kuid loomulikult ka hiljem. Lapse- ja noorukieas on \u00f5ppimine intensiivsem ning t\u00f5husam. T\u00e4iskasvanuna tuleb seda jagada t\u00f6\u00f6, pere ja muude kohustustega.<\/p>\n<p class=\"MsoNormal\">Millal oleks siis \u00f5ige aeg alustada kutse \u00f5ppimist, et omandatud oskused v\u00f5imaldaksid t\u00e4iskasvanuna teha rahuldust pakkuvat t\u00f6\u00f6d, teenida piisavat sissetulekut ja elada \u00f5nnelikult?<\/p>\n<p class=\"MsoNormal\">Kas 15\u201316-aastane p\u00f5hikoolil\u00f5petaja suudab teha teadliku valiku ja omandada kutseoskusi? Praktika ja teiste riikide kogemused n\u00e4itavad, et suudab k\u00fcll. Selleks tuleb noort aga nii varasemas hariduses kui ka kodus ette valmistada.<\/p>\n<p class=\"MsoNormal\">V\u00f5i tuleks k\u00f5igepealt l\u00f5petada \u00fcldharidusg\u00fcmnaasium, sest p\u00e4rast seda on veel k\u00fcllalt aega eriala valida? Loomulikult on 18\u201319-aastane noor kolm aastat nooremast k\u00fcpsem ja t\u00f5en\u00e4oliselt ka kutsevalikus teadlikum.<\/p>\n<p class=\"MsoNormal\">Siin peitub aga probleem. Eesti kutsekoolides leidub v\u00e4ga v\u00e4he erialasid, mida keskharidusega \u00f5ppija saaks omandada p\u00e4evases \u00f5ppes ehk tavap\u00e4rases esmasp\u00e4evast reedeni toimuvas kontakt\u00f5ppes.<\/p>\n<p class=\"MsoNormal\">Miks sellist v\u00f5imalust rohkem ei pakuta? Koolid teeksid seda, kui leiduks piisavalt t\u00e4iskasvanuid, kes saavad endale lubada \u00f5ppevormi, kus nende peamine kohustus on \u00f5ppimine.<\/p>\n<p class=\"MsoNormal\">Teame, et n\u00e4iteks tarkvaraarendaja v\u00f5i raamatupidaja eriala oleks sageli k\u00f5ige t\u00f5husam omandada just nii. Tegelik elu sunnib koole pakkuma paindlikumaid v\u00f5imalusi. T\u00e4iskasvanud \u00f5ppija peab jagama end \u00f5pingute, t\u00f6\u00f6, pere ja teiste kohustuste vahel. Mitme asja korraga tegemiseks ei anta talle \u00f6\u00f6p\u00e4evas lisatunde. Tunnustust v\u00e4\u00e4rivad k\u00f5ik, kes sellega toime tulevad. Ent k\u00fcsida tuleb ka seda, millise hinnaga ja mille arvelt.<\/p>\n<p class=\"MsoNormal\">Kas poleks seet\u00f5ttu m\u00f5istlik omandada esimesed kutseoskused juba varem? Hilisem eneset\u00e4iendamine, oskuste arendamine v\u00f5i vajaduse korral \u00fcmber\u00f5pe oleks siis m\u00e4rksa v\u00e4hem koormav.<\/p>\n<p class=\"MsoNormal\">Eestis k\u00e4ivitatud kutseharidusreform annab p\u00f5hikoolil\u00f5petajale senisest rohkem v\u00f5imalusi alustada kutseoskuste omandamist ja saada samal ajal t\u00e4iemahuline \u00fcldkeskharidus. Selleks on uued \u00f5ppekavad varasemast aasta v\u00f5rra pikemad ja kestavad neli aastat.<\/p>\n<p class=\"MsoNormal\">Et uus s\u00fcsteem h\u00e4sti t\u00f6\u00f6le hakkaks, on vaja laiap\u00f5hjalist koost\u00f6\u00f6d ja arutelu kogukonna, teiste haridusasutuste ning kohaliku omavalitsusega.<\/p>\n<p class=\"MsoNormal\">Hariduse kaudu kujundame oma tulevast elukeskkonda. Haridusvalikutes tehtud otsused m\u00f5jutavad meid k\u00f5iki veel aastak\u00fcmneid.<\/p>\n","protected":false},"excerpt":{"rendered":"&#8220;\u00d5ppimine on v\u00e4ikese inimese t\u00f6\u00f6,&#8221; v\u00f5iks parafraseerida tuntud laulusalmi. \u00d5ppida tuleb v\u00e4hemalt t\u00e4iskasvanuks saamiseni, kuid loomulikult ka hiljem.&hellip;\n","protected":false},"author":2,"featured_media":261191,"comment_status":"","ping_status":"","sticky":false,"template":"","format":"standard","meta":{"footnotes":"","_share_on_mastodon":"0"},"categories":[12],"tags":[26,27,37,33,35,34,36,31,32,2819,21,5634,1312,101478,33908,8087,28,29,19,4435,25,7458,47037,23,24,22,49912,20,30],"class_list":["post-261190","post","type-post","status-publish","format-standard","has-post-thumbnail","category-eesti","tag-breaking-news","tag-breakingnews","tag-ee","tag-eesti","tag-eesti-keel","tag-estonia","tag-estonian","tag-featured-news","tag-featurednews","tag-gumnaasium","tag-headlines","tag-keskharidus","tag-kutseharidus","tag-kutseharidus-parast-pohikooli-voi-gumnaasiumi","tag-kutseharidusreform","tag-kutseope","tag-latest-news","tag-latestnews","tag-news","tag-pohikool","tag-populaarseimad-lood","tag-raamatupidaja","tag-tarkvaraarendaja","tag-top-stories","tag-topstories","tag-uldised-uudised","tag-umberope","tag-uudised","tag-viimased-uudised"],"share_on_mastodon":{"url":"https:\/\/pubeurope.com\/@ee\/117161071137989811","error":""},"_links":{"self":[{"href":"https:\/\/www.europesays.com\/ee\/wp-json\/wp\/v2\/posts\/261190","targetHints":{"allow":["GET"]}}],"collection":[{"href":"https:\/\/www.europesays.com\/ee\/wp-json\/wp\/v2\/posts"}],"about":[{"href":"https:\/\/www.europesays.com\/ee\/wp-json\/wp\/v2\/types\/post"}],"author":[{"embeddable":true,"href":"https:\/\/www.europesays.com\/ee\/wp-json\/wp\/v2\/users\/2"}],"replies":[{"embeddable":true,"href":"https:\/\/www.europesays.com\/ee\/wp-json\/wp\/v2\/comments?post=261190"}],"version-history":[{"count":0,"href":"https:\/\/www.europesays.com\/ee\/wp-json\/wp\/v2\/posts\/261190\/revisions"}],"wp:featuredmedia":[{"embeddable":true,"href":"https:\/\/www.europesays.com\/ee\/wp-json\/wp\/v2\/media\/261191"}],"wp:attachment":[{"href":"https:\/\/www.europesays.com\/ee\/wp-json\/wp\/v2\/media?parent=261190"}],"wp:term":[{"taxonomy":"category","embeddable":true,"href":"https:\/\/www.europesays.com\/ee\/wp-json\/wp\/v2\/categories?post=261190"},{"taxonomy":"post_tag","embeddable":true,"href":"https:\/\/www.europesays.com\/ee\/wp-json\/wp\/v2\/tags?post=261190"}],"curies":[{"name":"wp","href":"https:\/\/api.w.org\/{rel}","templated":true}]}}