{"id":261208,"date":"2026-08-26T09:40:12","date_gmt":"2026-08-26T09:40:12","guid":{"rendered":"https:\/\/www.europesays.com\/ee\/261208\/"},"modified":"2026-08-26T09:40:12","modified_gmt":"2026-08-26T09:40:12","slug":"leipzigi-lennujaama-juurest-leiti-veel-uks-droon-ja-lohkeainet","status":"publish","type":"post","link":"https:\/\/www.europesays.com\/ee\/261208\/","title":{"rendered":"Leipzigi lennujaama juurest leiti veel \u00fcks droon ja l\u00f5hkeainet"},"content":{"rendered":"<p class=\"western\">Leipzigi lennujaama kasutatakse eelk\u00f5ige kaubalendudeks, sealhulgas NATO logistikaks ning <a rel=\"noopener nofollow\" target=\"_blank\" href=\"https:\/\/www.delfi.ee\/teema\/25048531\/ukraina\" tag-id=\"25048531\">Ukraina<\/a> relvatarneteks. Esimene l\u00f5hkeainega varustatud droon leiti sealt 4. augustil. Droon leiti Ukraina lennukite l\u00e4histel maapinnal ja lendas enne seda vastu Ukraina transpordilennuki tiiba. Uurijate hinnangul j\u00e4i plahvatus \u00e4ra ainult s\u00fctiku rikke t\u00f5ttu.<\/p>\n<p class=\"western\">Samuti arvatakse, et teine droon p\u00f5rkas \u00f5hus kokku lennuv\u00e4ljalt lahkunud DHL-i kaubalennuki esiosaga. Saksa Posti t\u00fctarfirmale kuuluv lennuk sai kergelt kahjustada ja tegi h\u00e4damaandumise Hannoveris. Nimetatud droone t\u00fckke pole leitud. Kolmas droon koos arvatava l\u00f5hkelaenguga leiti 14. augustil, kuid sellest teatati alles n\u00fc\u00fcd.<\/p>\n<p class=\"western\">Augusti alguses m\u00e4rgati kaht drooni ka <a rel=\"noopener nofollow\" target=\"_blank\" href=\"https:\/\/www.delfi.ee\/teema\/23342327\/saksamaa\" tag-id=\"23342327\">Saksamaa<\/a> l\u00e4\u00e4neosas Bonni l\u00e4hedal Mechernichi s\u00f5jav\u00e4ebaasi kohtal. Teadete kohaselt asuvad seal USA toodetud \u00f5hut\u00f5rjes\u00fcsteemi Patriot komponendid.<\/p>\n<p class=\"western\">Saksa v\u00f5imud ei ole 14. augusti intsidenti ametlikult kinnitanud. Kantsler Friedrich Merz piirdus kolmap\u00e4eval kommentaariga, et Saksamaa on muutunud \u00fcha sagedasemate <a rel=\"noopener nofollow\" target=\"_blank\" href=\"https:\/\/www.delfi.ee\/teema\/96857715\/hubriidrunnak\" tag-id=\"96857715\">h\u00fcbriidr\u00fcnnakute<\/a> sihtm\u00e4rgiks. \u201e\u00dcha rohkem valmistatakse ette r\u00fcnnakuid, millega v\u00f5ib kaasneda t\u00f5sine varaline kahju ja isegi vigastused ja surmad,\u201c m\u00e4rkis Merz.<\/p>\n<p class=\"western\">Ta lisas, et valitsus astub peagi samme 4. augusti intsidendi arvatavate s\u00fc\u00fcdlaste vastu. \u201eNad veel maksavad selle eest,\u201c lubas Merz. Tema s\u00f5nul tegeleb Saksamaa ka droonit\u00f5rje tugevdamisega, millele aitab kaasa Magdeburgi uus droonivastane keskus.<\/p>\n<p class=\"western\">Kolmap\u00e4eval teatasid Saksa v\u00f5imud ka <a rel=\"noopener nofollow\" target=\"_blank\" href=\"https:\/\/www.delfi.ee\/teema\/96862387\/sabotaaz\" tag-id=\"96862387\">sabotaa\u017eikahtlusest<\/a> Stuttgarti l\u00e4histel asuva raudteeliini juures. Politsei teatel l\u00f5igati Backnangi linna juures l\u00e4bi mitu kaablit. H\u00e4iritud oli nii rongiliiklus kui telefoni- ja internetiside.<\/p>\n<p>Kuidas see lugu Sind end tundma pani?Saada<a href=\"https:\/\/www.delfi.ee\/artikkel\/120606226\/leipzigi-lennujaama-juurest-leiti-veel-uks-droon-ja-lohkeainet\/kommentaarid\" class=\"button button--primary button--size-auto article-body-bottom__comment article-body-bottom__comment--write\" style=\"\" rel=\"nofollow noopener\" target=\"_blank\">Kommenteeri<\/a><a href=\"https:\/\/www.delfi.ee\/artikkel\/120606226\/leipzigi-lennujaama-juurest-leiti-veel-uks-droon-ja-lohkeainet\/kommentaarid\" class=\"button button--size-auto article-body-bottom__comment article-body-bottom__comment--read\" style=\"\" rel=\"nofollow noopener\" target=\"_blank\">Loe kommentaare <\/a><\/p>\n","protected":false},"excerpt":{"rendered":"Leipzigi lennujaama kasutatakse eelk\u00f5ige kaubalendudeks, sealhulgas NATO logistikaks ning Ukraina relvatarneteks. Esimene l\u00f5hkeainega varustatud droon leiti sealt 4.&hellip;\n","protected":false},"author":2,"featured_media":261209,"comment_status":"","ping_status":"","sticky":false,"template":"","format":"standard","meta":{"footnotes":"","_share_on_mastodon":"0"},"categories":[80],"tags":[26,27,37,33,35,34,36,31,32,21,5952,28,29,1160,95,19,25,4344,51,107,23,24,262,22,20,96,30,92,93,94],"class_list":["post-261208","post","type-post","status-publish","format-standard","has-post-thumbnail","category-maailm","tag-breaking-news","tag-breakingnews","tag-ee","tag-eesti","tag-eesti-keel","tag-estonia","tag-estonian","tag-featured-news","tag-featurednews","tag-headlines","tag-hubriidrunnak","tag-latest-news","tag-latestnews","tag-leipzig","tag-maailm","tag-news","tag-populaarseimad-lood","tag-sabotaaz","tag-saksamaa","tag-soda-ukrainas","tag-top-stories","tag-topstories","tag-ukraina","tag-uldised-uudised","tag-uudised","tag-venemaa","tag-viimased-uudised","tag-world","tag-world-news","tag-worldnews"],"share_on_mastodon":{"url":"https:\/\/pubeurope.com\/@ee\/117161153455336275","error":""},"_links":{"self":[{"href":"https:\/\/www.europesays.com\/ee\/wp-json\/wp\/v2\/posts\/261208","targetHints":{"allow":["GET"]}}],"collection":[{"href":"https:\/\/www.europesays.com\/ee\/wp-json\/wp\/v2\/posts"}],"about":[{"href":"https:\/\/www.europesays.com\/ee\/wp-json\/wp\/v2\/types\/post"}],"author":[{"embeddable":true,"href":"https:\/\/www.europesays.com\/ee\/wp-json\/wp\/v2\/users\/2"}],"replies":[{"embeddable":true,"href":"https:\/\/www.europesays.com\/ee\/wp-json\/wp\/v2\/comments?post=261208"}],"version-history":[{"count":0,"href":"https:\/\/www.europesays.com\/ee\/wp-json\/wp\/v2\/posts\/261208\/revisions"}],"wp:featuredmedia":[{"embeddable":true,"href":"https:\/\/www.europesays.com\/ee\/wp-json\/wp\/v2\/media\/261209"}],"wp:attachment":[{"href":"https:\/\/www.europesays.com\/ee\/wp-json\/wp\/v2\/media?parent=261208"}],"wp:term":[{"taxonomy":"category","embeddable":true,"href":"https:\/\/www.europesays.com\/ee\/wp-json\/wp\/v2\/categories?post=261208"},{"taxonomy":"post_tag","embeddable":true,"href":"https:\/\/www.europesays.com\/ee\/wp-json\/wp\/v2\/tags?post=261208"}],"curies":[{"name":"wp","href":"https:\/\/api.w.org\/{rel}","templated":true}]}}