{"id":261256,"date":"2026-08-26T10:33:16","date_gmt":"2026-08-26T10:33:16","guid":{"rendered":"https:\/\/www.europesays.com\/ee\/261256\/"},"modified":"2026-08-26T10:33:16","modified_gmt":"2026-08-26T10:33:16","slug":"ukraina-korvpallur-lahkus-vene-mangija-liitumise-jarel-klubist-2","status":"publish","type":"post","link":"https:\/\/www.europesays.com\/ee\/261256\/","title":{"rendered":"Ukraina korvpallur lahkus Vene m\u00e4ngija liitumise j\u00e4rel klubist"},"content":{"rendered":"<p>Koval esindas alates 2025. aasta s\u00fcgisest Louisiana State Tigersi naiskonda ning plaanis sama klubi \u00fclikooli s\u00e4rki kanda ka peagi algaval uuel hooajal. Hooajav\u00e4lisel perioodil liitus LSU-ga aga Venemaa korvpallur Anna Minaeva, mis pani Kovali meelt muutma. Naiskonnaga liitunud venelanna kuulus m\u00f6\u00f6dunud hooajal Moskva MBA nimelisse v\u00f5istkonda.<\/p>\n<p>LSU peatreener Kim Mulkey avaldas esmasp\u00e4eva \u00f5htu, et Koval lahkus naiskonnast isiklikel p\u00f5hjustel. Ta lisas, et \u00fclikool austab m\u00e4ngija otsust t\u00e4ielikult. Koval ise pole naiskonnast lahkumist kommenteerinud.<\/p>\n<p>\u201eTa on suurep\u00e4rane inimene. Ta pidi tegema otsuse, mis tundus tema jaoks \u00f5ige, ja me toetame teda t\u00e4ielikult. Meil oli pikk vestlus. See otsus polnud tema jaoks kerge,\u201c s\u00f5nas Mulkey.<\/p>\n<p>Kiievis s\u00fcndinud Koval alustab <a rel=\"noopener nofollow\" target=\"_blank\" href=\"https:\/\/www.delfi.ee\/teema\/63164198\/ncaa\" tag-id=\"63164198\">NCAA<\/a>-s oma kolmandat hooaega. Lisaks LSU-le on ta \u00fche hooaja kandnud Notre Dame\u2019i \u00fclikooli s\u00e4rki.<\/p>\n<p>NCAA parimate m\u00e4ngijate sekka kuuluv Koval k\u00e4is m\u00f6\u00f6dunud hooajal LSU eest v\u00e4ljakul k\u00f5igis 35 m\u00e4ngus, kogudes keskmiselt statistikasse 8,3 punkti ja 6,3 lauapalli. Lisaks s\u00e4ras 190 cm pikk korvpallur hooaja jooksul 43 viskeblokeeringuga, millega ta oli NCAA-s 10 parema m\u00e4ngija seas.<\/p>\n<p>Kuidas see lugu Sind end tundma pani?Saada<a href=\"https:\/\/sport.delfi.ee\/a\/120606148\/kommentaarid\" class=\"button button--primary button--size-auto article-body-bottom__comment article-body-bottom__comment--write\" style=\"\" rel=\"nofollow noopener\" target=\"_blank\">Kommenteeri<\/a><a href=\"https:\/\/sport.delfi.ee\/a\/120606148\/kommentaarid\" class=\"button button--size-auto article-body-bottom__comment article-body-bottom__comment--read\" style=\"\" rel=\"nofollow noopener\" target=\"_blank\">Loe kommentaare (22)<\/a><\/p>\n","protected":false},"excerpt":{"rendered":"Koval esindas alates 2025. aasta s\u00fcgisest Louisiana State Tigersi naiskonda ning plaanis sama klubi \u00fclikooli s\u00e4rki kanda ka&hellip;\n","protected":false},"author":2,"featured_media":261257,"comment_status":"","ping_status":"","sticky":false,"template":"","format":"standard","meta":{"footnotes":"","_share_on_mastodon":"0"},"categories":[18],"tags":[37,33,35,34,36,1513,12930,159,158],"class_list":["post-261256","post","type-post","status-publish","format-standard","has-post-thumbnail","category-sport","tag-ee","tag-eesti","tag-eesti-keel","tag-estonia","tag-estonian","tag-korvpall","tag-ncaa","tag-sport","tag-sports"],"share_on_mastodon":{"url":"https:\/\/pubeurope.com\/@ee\/117161361689428568","error":""},"_links":{"self":[{"href":"https:\/\/www.europesays.com\/ee\/wp-json\/wp\/v2\/posts\/261256","targetHints":{"allow":["GET"]}}],"collection":[{"href":"https:\/\/www.europesays.com\/ee\/wp-json\/wp\/v2\/posts"}],"about":[{"href":"https:\/\/www.europesays.com\/ee\/wp-json\/wp\/v2\/types\/post"}],"author":[{"embeddable":true,"href":"https:\/\/www.europesays.com\/ee\/wp-json\/wp\/v2\/users\/2"}],"replies":[{"embeddable":true,"href":"https:\/\/www.europesays.com\/ee\/wp-json\/wp\/v2\/comments?post=261256"}],"version-history":[{"count":0,"href":"https:\/\/www.europesays.com\/ee\/wp-json\/wp\/v2\/posts\/261256\/revisions"}],"wp:featuredmedia":[{"embeddable":true,"href":"https:\/\/www.europesays.com\/ee\/wp-json\/wp\/v2\/media\/261257"}],"wp:attachment":[{"href":"https:\/\/www.europesays.com\/ee\/wp-json\/wp\/v2\/media?parent=261256"}],"wp:term":[{"taxonomy":"category","embeddable":true,"href":"https:\/\/www.europesays.com\/ee\/wp-json\/wp\/v2\/categories?post=261256"},{"taxonomy":"post_tag","embeddable":true,"href":"https:\/\/www.europesays.com\/ee\/wp-json\/wp\/v2\/tags?post=261256"}],"curies":[{"name":"wp","href":"https:\/\/api.w.org\/{rel}","templated":true}]}}