{"id":261300,"date":"2026-08-26T11:18:14","date_gmt":"2026-08-26T11:18:14","guid":{"rendered":"https:\/\/www.europesays.com\/ee\/261300\/"},"modified":"2026-08-26T11:18:14","modified_gmt":"2026-08-26T11:18:14","slug":"laupaeval-delfi-tv-s-noortespordi-foorumil-arutletakse-eesti-noortespordi-tuleviku-ule-ning-jagatakse-ekspertnou","status":"publish","type":"post","link":"https:\/\/www.europesays.com\/ee\/261300\/","title":{"rendered":"LAUP\u00c4EVAL DELFI TV-s | Noortespordi foorumil arutletakse Eesti noortespordi tuleviku \u00fcle ning jagatakse ekspertn\u00f5u"},"content":{"rendered":"<p>Foorum toimub 29. augustil Viimsi Forus Spordikeskuse korvpallisaalis. <\/p>\n<p>Foorumil keskendutakse noorsportlaste arengut toetavatele teemadele ning arutletakse Eesti noortespordi tuleviku \u00fcle. P\u00e4eva jooksul astuvad \u00fcles oma ala tunnustatud eksperdid ning p\u00e4eva l\u00f5petab paneeldiskussioon.<\/p>\n<p>12.00-13.15 <a rel=\"noopener nofollow\" target=\"_blank\" href=\"https:\/\/www.delfi.ee\/teema\/64985370\/timo-oja\" tag-id=\"64985370\">Timo Oja<\/a> &#8211; Toitumine ja uni sportlase arengus<\/p>\n<p>13.30-14.45 <a rel=\"noopener nofollow\" target=\"_blank\" href=\"https:\/\/www.delfi.ee\/teema\/66601019\/norbert-hurt\" tag-id=\"66601019\">Norbert Hurt<\/a> &#8211; Kuidas luua lapse arengut toetav keskkond spordis?<\/p>\n<p>15.00-16.00 Paneeldiskussioon: Noorte saavutusspordi v\u00f5imalikkus Eestis. Paneeldiskussioonis osalevad Gert Prants, <a rel=\"noopener nofollow\" target=\"_blank\" href=\"https:\/\/www.delfi.ee\/teema\/68502451\/raido-roos\" tag-id=\"68502451\">Raido Roos<\/a>, Tanel Einaste ja <a rel=\"noopener nofollow\" target=\"_blank\" href=\"https:\/\/www.delfi.ee\/teema\/96862529\/toni-meijel\" tag-id=\"96862529\">Toni Meijel<\/a>. Moderaator Jorma Sarv.<\/p>\n<p>Kuidas see lugu Sind end tundma pani?Saada<a href=\"https:\/\/sport.delfi.ee\/artikkel\/120606199\/laupaeval-delfi-tv-s-noortespordi-foorumil-arutletakse-eesti-noortespordi-tuleviku-ule-ning-jagatakse-ekspertnou\/kommentaarid\" class=\"button button--primary button--size-auto article-body-bottom__comment article-body-bottom__comment--write\" style=\"\" rel=\"nofollow noopener\" target=\"_blank\">Kommenteeri<\/a><a href=\"https:\/\/sport.delfi.ee\/artikkel\/120606199\/laupaeval-delfi-tv-s-noortespordi-foorumil-arutletakse-eesti-noortespordi-tuleviku-ule-ning-jagatakse-ekspertnou\/kommentaarid\" class=\"button button--size-auto article-body-bottom__comment article-body-bottom__comment--read\" style=\"\" rel=\"nofollow noopener\" target=\"_blank\">Loe kommentaare <\/a><\/p>\n","protected":false},"excerpt":{"rendered":"Foorum toimub 29. augustil Viimsi Forus Spordikeskuse korvpallisaalis. Foorumil keskendutakse noorsportlaste arengut toetavatele teemadele ning arutletakse Eesti noortespordi&hellip;\n","protected":false},"author":2,"featured_media":261301,"comment_status":"","ping_status":"","sticky":false,"template":"","format":"standard","meta":{"footnotes":"","_share_on_mastodon":"0"},"categories":[14],"tags":[131,130,37,33,35,34,36,94584,24988,101505,5146],"class_list":["post-261300","post","type-post","status-publish","format-standard","has-post-thumbnail","category-ari","tag-ari","tag-business","tag-ee","tag-eesti","tag-eesti-keel","tag-estonia","tag-estonian","tag-norbert-hurt","tag-raido-roos","tag-timo-oja","tag-toni-meijel"],"share_on_mastodon":{"url":"https:\/\/pubeurope.com\/@ee\/117161538949385165","error":""},"_links":{"self":[{"href":"https:\/\/www.europesays.com\/ee\/wp-json\/wp\/v2\/posts\/261300","targetHints":{"allow":["GET"]}}],"collection":[{"href":"https:\/\/www.europesays.com\/ee\/wp-json\/wp\/v2\/posts"}],"about":[{"href":"https:\/\/www.europesays.com\/ee\/wp-json\/wp\/v2\/types\/post"}],"author":[{"embeddable":true,"href":"https:\/\/www.europesays.com\/ee\/wp-json\/wp\/v2\/users\/2"}],"replies":[{"embeddable":true,"href":"https:\/\/www.europesays.com\/ee\/wp-json\/wp\/v2\/comments?post=261300"}],"version-history":[{"count":0,"href":"https:\/\/www.europesays.com\/ee\/wp-json\/wp\/v2\/posts\/261300\/revisions"}],"wp:featuredmedia":[{"embeddable":true,"href":"https:\/\/www.europesays.com\/ee\/wp-json\/wp\/v2\/media\/261301"}],"wp:attachment":[{"href":"https:\/\/www.europesays.com\/ee\/wp-json\/wp\/v2\/media?parent=261300"}],"wp:term":[{"taxonomy":"category","embeddable":true,"href":"https:\/\/www.europesays.com\/ee\/wp-json\/wp\/v2\/categories?post=261300"},{"taxonomy":"post_tag","embeddable":true,"href":"https:\/\/www.europesays.com\/ee\/wp-json\/wp\/v2\/tags?post=261300"}],"curies":[{"name":"wp","href":"https:\/\/api.w.org\/{rel}","templated":true}]}}