{"id":261316,"date":"2026-08-26T11:31:07","date_gmt":"2026-08-26T11:31:07","guid":{"rendered":"https:\/\/www.europesays.com\/ee\/261316\/"},"modified":"2026-08-26T11:31:07","modified_gmt":"2026-08-26T11:31:07","slug":"mastivaidlus-%e2%9f%a9-saaremaa-vald-lukkas-masti-paastmise-rahvaalgatuse-tagasi","status":"publish","type":"post","link":"https:\/\/www.europesays.com\/ee\/261316\/","title":{"rendered":"MASTIVAIDLUS \u27e9 Saaremaa vald l\u00fckkas masti p\u00e4\u00e4stmise rahvaalgatuse tagasi"},"content":{"rendered":"<p class=\"MsoNormal\">Saaremaa vallavalitsus l\u00fckkas tagasi rahvaalgatuse osa, millega sooviti s\u00e4ilitada V\u00e4ikese v\u00e4ina tammil asuv endine k\u00f5rgepingemast ning kujundada sellest vaateplatvorm ja Saaremaa v\u00e4rav.<\/p>\n<p class=\"MsoNormal\">Samal ajal kinnitab vald, et Saaremaa v\u00e4rava ideest pole loobutud: ette valmistatakse ideekonkurssi ning \u00d6-t\u00e4he juurest algavat matkarada koos linnuvaatlustorniga.<\/p>\n","protected":false},"excerpt":{"rendered":"Saaremaa vallavalitsus l\u00fckkas tagasi rahvaalgatuse osa, millega sooviti s\u00e4ilitada V\u00e4ikese v\u00e4ina tammil asuv endine k\u00f5rgepingemast ning kujundada sellest&hellip;\n","protected":false},"author":2,"featured_media":261317,"comment_status":"","ping_status":"","sticky":false,"template":"","format":"standard","meta":{"footnotes":"","_share_on_mastodon":"0"},"categories":[12],"tags":[26,27,37,33,35,655,34,36,31,32,21,35783,3423,28,29,19,25,2123,101513,23,24,22,20,101514,101512,30],"class_list":["post-261316","post","type-post","status-publish","format-standard","has-post-thumbnail","category-eesti","tag-breaking-news","tag-breakingnews","tag-ee","tag-eesti","tag-eesti-keel","tag-elering","tag-estonia","tag-estonian","tag-featured-news","tag-featurednews","tag-headlines","tag-heiki-hanso","tag-kristjan-tamm","tag-latest-news","tag-latestnews","tag-news","tag-populaarseimad-lood","tag-saaremaa-vald","tag-saaremaa-varav","tag-top-stories","tag-topstories","tag-uldised-uudised","tag-uudised","tag-vaikese-vaina-selts","tag-vaikese-vaina-tamm","tag-viimased-uudised"],"share_on_mastodon":{"url":"https:\/\/pubeurope.com\/@ee\/117161589820828077","error":""},"_links":{"self":[{"href":"https:\/\/www.europesays.com\/ee\/wp-json\/wp\/v2\/posts\/261316","targetHints":{"allow":["GET"]}}],"collection":[{"href":"https:\/\/www.europesays.com\/ee\/wp-json\/wp\/v2\/posts"}],"about":[{"href":"https:\/\/www.europesays.com\/ee\/wp-json\/wp\/v2\/types\/post"}],"author":[{"embeddable":true,"href":"https:\/\/www.europesays.com\/ee\/wp-json\/wp\/v2\/users\/2"}],"replies":[{"embeddable":true,"href":"https:\/\/www.europesays.com\/ee\/wp-json\/wp\/v2\/comments?post=261316"}],"version-history":[{"count":0,"href":"https:\/\/www.europesays.com\/ee\/wp-json\/wp\/v2\/posts\/261316\/revisions"}],"wp:featuredmedia":[{"embeddable":true,"href":"https:\/\/www.europesays.com\/ee\/wp-json\/wp\/v2\/media\/261317"}],"wp:attachment":[{"href":"https:\/\/www.europesays.com\/ee\/wp-json\/wp\/v2\/media?parent=261316"}],"wp:term":[{"taxonomy":"category","embeddable":true,"href":"https:\/\/www.europesays.com\/ee\/wp-json\/wp\/v2\/categories?post=261316"},{"taxonomy":"post_tag","embeddable":true,"href":"https:\/\/www.europesays.com\/ee\/wp-json\/wp\/v2\/tags?post=261316"}],"curies":[{"name":"wp","href":"https:\/\/api.w.org\/{rel}","templated":true}]}}