{"id":261322,"date":"2026-08-26T11:40:26","date_gmt":"2026-08-26T11:40:26","guid":{"rendered":"https:\/\/www.europesays.com\/ee\/261322\/"},"modified":"2026-08-26T11:40:26","modified_gmt":"2026-08-26T11:40:26","slug":"viru-elektrivorgud-hakkab-elektrit-muuma-ule-eesti-ja-lubab-turule-rohkem-konkurentsi","status":"publish","type":"post","link":"https:\/\/www.europesays.com\/ee\/261322\/","title":{"rendered":"Viru Elektriv\u00f5rgud hakkab elektrit m\u00fc\u00fcma \u00fcle Eesti ja lubab turule rohkem konkurentsi"},"content":{"rendered":"<p>Elektrim\u00fc\u00fcgi arendamist hakkab juhtima Artur Ikkonen, kes asus t\u00f6\u00f6le Viru Elektriv\u00f5rkude m\u00fc\u00fcgi- ja kliendisuhete juhina. <\/p>\n<p>Ikkoneni s\u00f5nul on <a rel=\"noopener nofollow\" target=\"_blank\" href=\"https:\/\/www.delfi.ee\/teema\/64822850\/elektriturg\" tag-id=\"64822850\">elektriturg<\/a> ja <a rel=\"noopener nofollow\" target=\"_blank\" href=\"https:\/\/www.delfi.ee\/teema\/96904931\/elektripaketid\" tag-id=\"96904931\">elektripaketid<\/a> muutunud klientide jaoks j\u00e4rjest keerulisemaks ning hinnak\u00f5ikumised, erinevad hinnastamismudelid, lisatasud ja lepingutingimused muudavad sobiva elektripaketi valimise tihti keeruliseks. \u201eSamas suunatakse kliente aktiivselt pikaajalistesse fikseeritud hinnaga lepingutesse, millega v\u00f5ivad kaasneda ennet\u00e4htaegse l\u00f5petamise tasud,\u201c \u00fctles Ikkonen.<\/p>\n<p>\u201eMeie ambitsioon on kasvada Virumaalt \u00fcle-eestiliseks elektrim\u00fc\u00fcjaks ning pakkuda konkurentsi nii era- kui ka \u00e4rikliendi turul,\u201c lisas Ikkonen.<\/p>\n<p>Viru Elektriv\u00f5rkude tegevjuhi ja juhatuse liikme Annika Haaviste s\u00f5nul on \u00fcle-eestilise elektrim\u00fc\u00fcgi k\u00e4ivitamine ettev\u00f5tte jaoks oluline arengusamm. \u201eMul on hea meel, et \u00fcks valdkonna tipptegijaid liitus Viru Elektriv\u00f5rkudega. Elektrim\u00fc\u00fcgi turg vajab raputamist ja keeruliseks aetud asjad tagasi lihtsaks tegemist. Klientidel on sellest ainult v\u00f5ita.\u201c<\/p>\n<p>Ikkonen on varasemalt t\u00f6\u00f6tanud telekommunikatsiooni- ja energiasektoris, sealhulgas <a rel=\"noopener nofollow\" target=\"_blank\" href=\"https:\/\/www.delfi.ee\/teema\/24311175\/eesti-energia\" tag-id=\"24311175\">Eesti Energia<\/a> kontsernis juhtivatel ametikohtadel, viimati Eesti turu jae\u00e4ri juhina. Hiljem n\u00f5ustas Elektrum Eesti juhatust ettev\u00f5tte pikaajalise m\u00fc\u00fcgi- ja \u00e4ristrateegia kujundamisel.<\/p>\n<p>Kuidas see lugu Sind end tundma pani?Saada<a href=\"https:\/\/arileht.delfi.ee\/a\/120606142\/viru-elektrivorgud-hakkab-elektrit-muuma-ule-eesti\/kommentaarid\" class=\"button button--primary button--size-auto article-body-bottom__comment article-body-bottom__comment--write\" style=\"\" rel=\"nofollow noopener\" target=\"_blank\">Kommenteeri<\/a><a href=\"https:\/\/arileht.delfi.ee\/a\/120606142\/viru-elektrivorgud-hakkab-elektrit-muuma-ule-eesti\/kommentaarid\" class=\"button button--size-auto article-body-bottom__comment article-body-bottom__comment--read\" style=\"\" rel=\"nofollow noopener\" target=\"_blank\">Loe kommentaare (10)<\/a><\/p>\n","protected":false},"excerpt":{"rendered":"Elektrim\u00fc\u00fcgi arendamist hakkab juhtima Artur Ikkonen, kes asus t\u00f6\u00f6le Viru Elektriv\u00f5rkude m\u00fc\u00fcgi- ja kliendisuhete juhina. Ikkoneni s\u00f5nul on&hellip;\n","protected":false},"author":2,"featured_media":261323,"comment_status":"","ping_status":"","sticky":false,"template":"","format":"standard","meta":{"footnotes":"","_share_on_mastodon":"0"},"categories":[14],"tags":[131,130,37,33,4526,35,848,101515,6122,34,36],"class_list":["post-261322","post","type-post","status-publish","format-standard","has-post-thumbnail","category-ari","tag-ari","tag-business","tag-ee","tag-eesti","tag-eesti-energia","tag-eesti-keel","tag-elekter","tag-elektripaketid","tag-elektriturg","tag-estonia","tag-estonian"],"share_on_mastodon":{"url":"https:\/\/pubeurope.com\/@ee\/117161625088751495","error":""},"_links":{"self":[{"href":"https:\/\/www.europesays.com\/ee\/wp-json\/wp\/v2\/posts\/261322","targetHints":{"allow":["GET"]}}],"collection":[{"href":"https:\/\/www.europesays.com\/ee\/wp-json\/wp\/v2\/posts"}],"about":[{"href":"https:\/\/www.europesays.com\/ee\/wp-json\/wp\/v2\/types\/post"}],"author":[{"embeddable":true,"href":"https:\/\/www.europesays.com\/ee\/wp-json\/wp\/v2\/users\/2"}],"replies":[{"embeddable":true,"href":"https:\/\/www.europesays.com\/ee\/wp-json\/wp\/v2\/comments?post=261322"}],"version-history":[{"count":0,"href":"https:\/\/www.europesays.com\/ee\/wp-json\/wp\/v2\/posts\/261322\/revisions"}],"wp:featuredmedia":[{"embeddable":true,"href":"https:\/\/www.europesays.com\/ee\/wp-json\/wp\/v2\/media\/261323"}],"wp:attachment":[{"href":"https:\/\/www.europesays.com\/ee\/wp-json\/wp\/v2\/media?parent=261322"}],"wp:term":[{"taxonomy":"category","embeddable":true,"href":"https:\/\/www.europesays.com\/ee\/wp-json\/wp\/v2\/categories?post=261322"},{"taxonomy":"post_tag","embeddable":true,"href":"https:\/\/www.europesays.com\/ee\/wp-json\/wp\/v2\/tags?post=261322"}],"curies":[{"name":"wp","href":"https:\/\/api.w.org\/{rel}","templated":true}]}}